{"id":10926,"date":"2018-02-23T23:59:21","date_gmt":"2018-02-23T21:59:21","guid":{"rendered":"https:\/\/www.luzine-happel.de\/?p=10926"},"modified":"2018-02-23T10:24:14","modified_gmt":"2018-02-23T08:24:14","slug":"schwaelmer-tracht-die-halstuecher","status":"publish","type":"post","link":"https:\/\/www.luzine-happel.de\/?p=10926","title":{"rendered":"Schw\u00e4lmer Tracht \u2013 Die Halst\u00fccher"},"content":{"rendered":"Um den Hals trugen die Schw\u00e4lmerinnen zur stolzen Tracht quadratische T\u00fccher aus reiner Seide. <\/p>\n<p><a href=\"https:\/\/www.luzine-happel.de\/wp-content\/uploads\/2018\/02\/1_Schw\u00e4lmer-Tracht-Die-Halst\u00fccher.jpg\"><img loading=\"lazy\" decoding=\"async\" src=\"https:\/\/www.luzine-happel.de\/wp-content\/uploads\/2018\/02\/1_Schw\u00e4lmer-Tracht-Die-Halst\u00fccher-438x329.jpg\" alt=\"\" width=\"438\" height=\"329\" class=\"aligncenter size-medium\" \/><\/a><br \/>\nDie T\u00fccher der j\u00fcngeren Frauen waren, abgestimmt auf die Basisfarbe der Tracht, sehr farbenfroh.<\/p>\n<p><a href=\"https:\/\/www.luzine-happel.de\/wp-content\/uploads\/2018\/02\/2_Schw\u00e4lmer-Tracht-Die-Halst\u00fccher.jpg\"><img loading=\"lazy\" decoding=\"async\" src=\"https:\/\/www.luzine-happel.de\/wp-content\/uploads\/2018\/02\/2_Schw\u00e4lmer-Tracht-Die-Halst\u00fccher-438x329.jpg\" alt=\"\" width=\"438\" height=\"329\" class=\"aligncenter size-medium\" \/><\/a><br \/>\nMeist waren die R\u00e4nder mit eingekn\u00fcpften, seidenen Fransen versehen.<\/p>\n<p><a href=\"https:\/\/www.luzine-happel.de\/wp-content\/uploads\/2018\/02\/3_Schw\u00e4lmer-Tracht-Die-Halst\u00fccher.jpg\"><img loading=\"lazy\" decoding=\"async\" src=\"https:\/\/www.luzine-happel.de\/wp-content\/uploads\/2018\/02\/3_Schw\u00e4lmer-Tracht-Die-Halst\u00fccher-438x329.jpg\" alt=\"\" width=\"438\" height=\"329\" class=\"aligncenter size-medium\" \/><\/a><br \/>\nDie Fadenb\u00fcndel der Fransen wurden mindestens einmal, <\/p>\n<p><a href=\"https:\/\/www.luzine-happel.de\/wp-content\/uploads\/2018\/02\/4_Schw\u00e4lmer-Tracht-Die-Halst\u00fccher.jpg\"><img loading=\"lazy\" decoding=\"async\" src=\"https:\/\/www.luzine-happel.de\/wp-content\/uploads\/2018\/02\/4_Schw\u00e4lmer-Tracht-Die-Halst\u00fccher-438x329.jpg\" alt=\"\" width=\"438\" height=\"329\" class=\"aligncenter size-medium\" \/><\/a><br \/>\noft jedoch mehrfach zusammen geknotet.<\/p>\n<p><a href=\"https:\/\/www.luzine-happel.de\/wp-content\/uploads\/2018\/02\/5_Schw\u00e4lmer-Tracht-Die-Halst\u00fccher.jpg\"><img loading=\"lazy\" decoding=\"async\" src=\"https:\/\/www.luzine-happel.de\/wp-content\/uploads\/2018\/02\/5_Schw\u00e4lmer-Tracht-Die-Halst\u00fccher-438x329.jpg\" alt=\"\" width=\"438\" height=\"329\" class=\"aligncenter size-medium\" \/><\/a><\/p>\n<p><a href=\"https:\/\/www.luzine-happel.de\/wp-content\/uploads\/2018\/02\/6_Schw\u00e4lmer-Tracht-Die-Halst\u00fccher.jpg\"><img loading=\"lazy\" decoding=\"async\" src=\"https:\/\/www.luzine-happel.de\/wp-content\/uploads\/2018\/02\/6_Schw\u00e4lmer-Tracht-Die-Halst\u00fccher-438x329.jpg\" alt=\"\" width=\"438\" height=\"329\" class=\"aligncenter size-medium\" \/><\/a><\/p>\n<p><a href=\"https:\/\/www.luzine-happel.de\/wp-content\/uploads\/2018\/02\/7_Schw\u00e4lmerTracht-Die-Halst\u00fccher.jpg\"><img loading=\"lazy\" decoding=\"async\" src=\"https:\/\/www.luzine-happel.de\/wp-content\/uploads\/2018\/02\/7_Schw\u00e4lmerTracht-Die-Halst\u00fccher-438x329.jpg\" alt=\"\" width=\"438\" height=\"329\" class=\"aligncenter size-medium\" \/><\/a><br \/>\nDie T\u00fccher wurden einmal diagonal gefaltet. Das entstehende Dreieck wurde in den R\u00fccken gelegt. Abh\u00e4ngig davon, wie die Kappenschn\u00fcre (Inhalt eines zuk\u00fcnftigen Beitrages) getragen wurden \u2013 im R\u00fccken oder auf der Brust -, wurden die Enden entweder vorn in der Taille zwischen Sch\u00fcrze und R\u00f6cken eingesteckt <\/p>\n<p><a href=\"https:\/\/www.luzine-happel.de\/wp-content\/uploads\/2018\/02\/8_Schw\u00e4lmer-Tracht-Die-Halst\u00fccher.jpg\"><img loading=\"lazy\" decoding=\"async\" src=\"https:\/\/www.luzine-happel.de\/wp-content\/uploads\/2018\/02\/8_Schw\u00e4lmer-Tracht-Die-Halst\u00fccher-438x329.jpg\" alt=\"\" width=\"438\" height=\"329\" class=\"aligncenter size-medium\" \/><\/a><br \/>\noder um den Hals geschlungen, unter dem Kinn gekreuzt und im Nacken unter dem Dreieck verknotet.<\/p>\n<p><a href=\"https:\/\/www.luzine-happel.de\/wp-content\/uploads\/2018\/02\/9_Schw\u00e4lmer-Tracht-Die-Halst\u00fccher.jpg\"><img loading=\"lazy\" decoding=\"async\" src=\"https:\/\/www.luzine-happel.de\/wp-content\/uploads\/2018\/02\/9_Schw\u00e4lmer-Tracht-Die-Halst\u00fccher-438x329.jpg\" alt=\"\" width=\"438\" height=\"329\" class=\"aligncenter size-medium\" \/><\/a>","protected":false},"excerpt":{"rendered":"<p>Um den Hals trugen die Schw\u00e4lmerinnen zur stolzen Tracht quadratische T\u00fccher aus reiner Seide. Die T\u00fccher der j\u00fcngeren Frauen waren, abgestimmt auf die Basisfarbe der Tracht, sehr farbenfroh. Meist waren die R\u00e4nder mit eingekn\u00fcpften, seidenen Fransen versehen. Die Fadenb\u00fcndel der Fransen wurden mindestens einmal, oft jedoch mehrfach zusammen geknotet. Die T\u00fccher wurden einmal diagonal gefaltet. Das entstehende Dreieck wurde in den R\u00fccken gelegt. Abh\u00e4ngig davon, wie die Kappenschn\u00fcre (Inhalt eines zuk\u00fcnftigen Beitrages) getragen wurden \u2013 im R\u00fccken oder auf der Brust -, wurden die Enden entweder vorn in der Taille zwischen Sch\u00fcrze und R\u00f6cken eingesteckt oder um den Hals geschlungen, unter dem Kinn gekreuzt und im Nacken unter dem Dreieck verknotet.<\/p>\n","protected":false},"author":2,"featured_media":10950,"comment_status":"open","ping_status":"open","sticky":false,"template":"","format":"standard","meta":{"inline_featured_image":false,"footnotes":""},"categories":[1,17],"tags":[],"class_list":["post-10926","post","type-post","status-publish","format-standard","has-post-thumbnail","hentry","category-blog","category-schwalm_costume","wpautop"],"yoast_head":"<!-- This site is optimized with the Yoast SEO plugin v27.5 - https:\/\/yoast.com\/product\/yoast-seo-wordpress\/ -->\n<title>Schw\u00e4lmer Tracht \u2013 Die Halst\u00fccher - Luzine Happel<\/title>\n<meta name=\"robots\" content=\"index, follow, max-snippet:-1, max-image-preview:large, max-video-preview:-1\" \/>\n<link rel=\"canonical\" href=\"https:\/\/www.luzine-happel.de\/?p=10926&lang=en\" \/>\n<meta property=\"og:locale\" content=\"de_DE\" \/>\n<meta property=\"og:type\" content=\"article\" \/>\n<meta property=\"og:title\" content=\"Schw\u00e4lmer Tracht \u2013 Die Halst\u00fccher - Luzine Happel\" \/>\n<meta property=\"og:description\" content=\"Um den Hals trugen die Schw\u00e4lmerinnen zur stolzen Tracht quadratische T\u00fccher aus reiner Seide. Die T\u00fccher der j\u00fcngeren Frauen waren, abgestimmt auf die Basisfarbe der Tracht, sehr farbenfroh. Meist waren die R\u00e4nder mit eingekn\u00fcpften, seidenen Fransen versehen. Die Fadenb\u00fcndel der Fransen wurden mindestens einmal, oft jedoch mehrfach zusammen geknotet. Die T\u00fccher wurden einmal diagonal gefaltet. Das entstehende Dreieck wurde in den R\u00fccken gelegt. Abh\u00e4ngig davon, wie die Kappenschn\u00fcre (Inhalt eines zuk\u00fcnftigen Beitrages) getragen wurden \u2013 im R\u00fccken oder auf der Brust -, wurden die Enden entweder vorn in der Taille zwischen Sch\u00fcrze und R\u00f6cken eingesteckt oder um den Hals geschlungen, unter dem Kinn gekreuzt und im Nacken unter dem Dreieck verknotet.\" \/>\n<meta property=\"og:url\" content=\"https:\/\/www.luzine-happel.de\/?p=10926&amp;lang=en\" \/>\n<meta property=\"og:site_name\" content=\"Luzine Happel\" \/>\n<meta property=\"article:published_time\" content=\"2018-02-23T21:59:21+00:00\" \/>\n<meta property=\"og:image\" content=\"https:\/\/www.luzine-happel.de\/wp-content\/uploads\/2018\/02\/10_Thumbnail-e1519296936634.jpg\" \/>\n\t<meta property=\"og:image:width\" content=\"400\" \/>\n\t<meta property=\"og:image:height\" content=\"400\" \/>\n\t<meta property=\"og:image:type\" content=\"image\/jpeg\" \/>\n<meta name=\"author\" content=\"Luzine Happel\" \/>\n<meta name=\"twitter:card\" content=\"summary_large_image\" \/>\n<meta name=\"twitter:label1\" content=\"Verfasst von\" \/>\n\t<meta name=\"twitter:data1\" content=\"Luzine Happel\" \/>\n\t<meta name=\"twitter:label2\" content=\"Gesch\u00e4tzte Lesezeit\" \/>\n\t<meta name=\"twitter:data2\" content=\"1\u00a0Minute\" \/>\n<script type=\"application\/ld+json\" class=\"yoast-schema-graph\">{\"@context\":\"https:\\\/\\\/schema.org\",\"@graph\":[{\"@type\":\"Article\",\"@id\":\"https:\\\/\\\/www.luzine-happel.de\\\/?p=10926&lang=en#article\",\"isPartOf\":{\"@id\":\"https:\\\/\\\/www.luzine-happel.de\\\/?p=10926&lang=en\"},\"author\":{\"name\":\"Luzine Happel\",\"@id\":\"https:\\\/\\\/www.luzine-happel.de\\\/#\\\/schema\\\/person\\\/531413decc3e3dc937f7312d13b6238c\"},\"headline\":\"Schw\u00e4lmer Tracht \u2013 Die Halst\u00fccher\",\"datePublished\":\"2018-02-23T21:59:21+00:00\",\"mainEntityOfPage\":{\"@id\":\"https:\\\/\\\/www.luzine-happel.de\\\/?p=10926&lang=en\"},\"wordCount\":265,\"commentCount\":1,\"image\":{\"@id\":\"https:\\\/\\\/www.luzine-happel.de\\\/?p=10926&lang=en#primaryimage\"},\"thumbnailUrl\":\"https:\\\/\\\/www.luzine-happel.de\\\/wp-content\\\/uploads\\\/2018\\\/02\\\/10_Thumbnail-e1519296936634.jpg\",\"articleSection\":[\"Blog\",\"Schw\u00e4lmer Tracht\"],\"inLanguage\":\"de\",\"potentialAction\":[{\"@type\":\"CommentAction\",\"name\":\"Comment\",\"target\":[\"https:\\\/\\\/www.luzine-happel.de\\\/?p=10926&lang=en#respond\"]}]},{\"@type\":\"WebPage\",\"@id\":\"https:\\\/\\\/www.luzine-happel.de\\\/?p=10926&lang=en\",\"url\":\"https:\\\/\\\/www.luzine-happel.de\\\/?p=10926&lang=en\",\"name\":\"Schw\u00e4lmer Tracht \u2013 Die Halst\u00fccher - Luzine Happel\",\"isPartOf\":{\"@id\":\"https:\\\/\\\/www.luzine-happel.de\\\/#website\"},\"primaryImageOfPage\":{\"@id\":\"https:\\\/\\\/www.luzine-happel.de\\\/?p=10926&lang=en#primaryimage\"},\"image\":{\"@id\":\"https:\\\/\\\/www.luzine-happel.de\\\/?p=10926&lang=en#primaryimage\"},\"thumbnailUrl\":\"https:\\\/\\\/www.luzine-happel.de\\\/wp-content\\\/uploads\\\/2018\\\/02\\\/10_Thumbnail-e1519296936634.jpg\",\"datePublished\":\"2018-02-23T21:59:21+00:00\",\"author\":{\"@id\":\"https:\\\/\\\/www.luzine-happel.de\\\/#\\\/schema\\\/person\\\/531413decc3e3dc937f7312d13b6238c\"},\"breadcrumb\":{\"@id\":\"https:\\\/\\\/www.luzine-happel.de\\\/?p=10926&lang=en#breadcrumb\"},\"inLanguage\":\"de\",\"potentialAction\":[{\"@type\":\"ReadAction\",\"target\":[\"https:\\\/\\\/www.luzine-happel.de\\\/?p=10926&lang=en\"]}]},{\"@type\":\"ImageObject\",\"inLanguage\":\"de\",\"@id\":\"https:\\\/\\\/www.luzine-happel.de\\\/?p=10926&lang=en#primaryimage\",\"url\":\"https:\\\/\\\/www.luzine-happel.de\\\/wp-content\\\/uploads\\\/2018\\\/02\\\/10_Thumbnail-e1519296936634.jpg\",\"contentUrl\":\"https:\\\/\\\/www.luzine-happel.de\\\/wp-content\\\/uploads\\\/2018\\\/02\\\/10_Thumbnail-e1519296936634.jpg\",\"width\":400,\"height\":400},{\"@type\":\"BreadcrumbList\",\"@id\":\"https:\\\/\\\/www.luzine-happel.de\\\/?p=10926&lang=en#breadcrumb\",\"itemListElement\":[{\"@type\":\"ListItem\",\"position\":1,\"name\":\"Startseite\",\"item\":\"https:\\\/\\\/www.luzine-happel.de\\\/\"},{\"@type\":\"ListItem\",\"position\":2,\"name\":\"Schwalm Costume \u2013 The Neckerchiefs\"}]},{\"@type\":\"WebSite\",\"@id\":\"https:\\\/\\\/www.luzine-happel.de\\\/#website\",\"url\":\"https:\\\/\\\/www.luzine-happel.de\\\/\",\"name\":\"Luzine Happel\",\"description\":\"\",\"potentialAction\":[{\"@type\":\"SearchAction\",\"target\":{\"@type\":\"EntryPoint\",\"urlTemplate\":\"https:\\\/\\\/www.luzine-happel.de\\\/?s={search_term_string}\"},\"query-input\":{\"@type\":\"PropertyValueSpecification\",\"valueRequired\":true,\"valueName\":\"search_term_string\"}}],\"inLanguage\":\"de\"},{\"@type\":\"Person\",\"@id\":\"https:\\\/\\\/www.luzine-happel.de\\\/#\\\/schema\\\/person\\\/531413decc3e3dc937f7312d13b6238c\",\"name\":\"Luzine Happel\",\"sameAs\":[\"http:\\\/\\\/www.luzine-happel.de\"],\"url\":\"https:\\\/\\\/www.luzine-happel.de\\\/?author=2\"}]}<\/script>\n<!-- \/ Yoast SEO plugin. -->","yoast_head_json":{"title":"Schw\u00e4lmer Tracht \u2013 Die Halst\u00fccher - Luzine Happel","robots":{"index":"index","follow":"follow","max-snippet":"max-snippet:-1","max-image-preview":"max-image-preview:large","max-video-preview":"max-video-preview:-1"},"canonical":"https:\/\/www.luzine-happel.de\/?p=10926&lang=en","og_locale":"de_DE","og_type":"article","og_title":"Schw\u00e4lmer Tracht \u2013 Die Halst\u00fccher - Luzine Happel","og_description":"Um den Hals trugen die Schw\u00e4lmerinnen zur stolzen Tracht quadratische T\u00fccher aus reiner Seide. Die T\u00fccher der j\u00fcngeren Frauen waren, abgestimmt auf die Basisfarbe der Tracht, sehr farbenfroh. Meist waren die R\u00e4nder mit eingekn\u00fcpften, seidenen Fransen versehen. Die Fadenb\u00fcndel der Fransen wurden mindestens einmal, oft jedoch mehrfach zusammen geknotet. Die T\u00fccher wurden einmal diagonal gefaltet. Das entstehende Dreieck wurde in den R\u00fccken gelegt. Abh\u00e4ngig davon, wie die Kappenschn\u00fcre (Inhalt eines zuk\u00fcnftigen Beitrages) getragen wurden \u2013 im R\u00fccken oder auf der Brust -, wurden die Enden entweder vorn in der Taille zwischen Sch\u00fcrze und R\u00f6cken eingesteckt oder um den Hals geschlungen, unter dem Kinn gekreuzt und im Nacken unter dem Dreieck verknotet.","og_url":"https:\/\/www.luzine-happel.de\/?p=10926&lang=en","og_site_name":"Luzine Happel","article_published_time":"2018-02-23T21:59:21+00:00","og_image":[{"width":400,"height":400,"url":"https:\/\/www.luzine-happel.de\/wp-content\/uploads\/2018\/02\/10_Thumbnail-e1519296936634.jpg","type":"image\/jpeg"}],"author":"Luzine Happel","twitter_card":"summary_large_image","twitter_misc":{"Verfasst von":"Luzine Happel","Gesch\u00e4tzte Lesezeit":"1\u00a0Minute"},"schema":{"@context":"https:\/\/schema.org","@graph":[{"@type":"Article","@id":"https:\/\/www.luzine-happel.de\/?p=10926&lang=en#article","isPartOf":{"@id":"https:\/\/www.luzine-happel.de\/?p=10926&lang=en"},"author":{"name":"Luzine Happel","@id":"https:\/\/www.luzine-happel.de\/#\/schema\/person\/531413decc3e3dc937f7312d13b6238c"},"headline":"Schw\u00e4lmer Tracht \u2013 Die Halst\u00fccher","datePublished":"2018-02-23T21:59:21+00:00","mainEntityOfPage":{"@id":"https:\/\/www.luzine-happel.de\/?p=10926&lang=en"},"wordCount":265,"commentCount":1,"image":{"@id":"https:\/\/www.luzine-happel.de\/?p=10926&lang=en#primaryimage"},"thumbnailUrl":"https:\/\/www.luzine-happel.de\/wp-content\/uploads\/2018\/02\/10_Thumbnail-e1519296936634.jpg","articleSection":["Blog","Schw\u00e4lmer Tracht"],"inLanguage":"de","potentialAction":[{"@type":"CommentAction","name":"Comment","target":["https:\/\/www.luzine-happel.de\/?p=10926&lang=en#respond"]}]},{"@type":"WebPage","@id":"https:\/\/www.luzine-happel.de\/?p=10926&lang=en","url":"https:\/\/www.luzine-happel.de\/?p=10926&lang=en","name":"Schw\u00e4lmer Tracht \u2013 Die Halst\u00fccher - Luzine Happel","isPartOf":{"@id":"https:\/\/www.luzine-happel.de\/#website"},"primaryImageOfPage":{"@id":"https:\/\/www.luzine-happel.de\/?p=10926&lang=en#primaryimage"},"image":{"@id":"https:\/\/www.luzine-happel.de\/?p=10926&lang=en#primaryimage"},"thumbnailUrl":"https:\/\/www.luzine-happel.de\/wp-content\/uploads\/2018\/02\/10_Thumbnail-e1519296936634.jpg","datePublished":"2018-02-23T21:59:21+00:00","author":{"@id":"https:\/\/www.luzine-happel.de\/#\/schema\/person\/531413decc3e3dc937f7312d13b6238c"},"breadcrumb":{"@id":"https:\/\/www.luzine-happel.de\/?p=10926&lang=en#breadcrumb"},"inLanguage":"de","potentialAction":[{"@type":"ReadAction","target":["https:\/\/www.luzine-happel.de\/?p=10926&lang=en"]}]},{"@type":"ImageObject","inLanguage":"de","@id":"https:\/\/www.luzine-happel.de\/?p=10926&lang=en#primaryimage","url":"https:\/\/www.luzine-happel.de\/wp-content\/uploads\/2018\/02\/10_Thumbnail-e1519296936634.jpg","contentUrl":"https:\/\/www.luzine-happel.de\/wp-content\/uploads\/2018\/02\/10_Thumbnail-e1519296936634.jpg","width":400,"height":400},{"@type":"BreadcrumbList","@id":"https:\/\/www.luzine-happel.de\/?p=10926&lang=en#breadcrumb","itemListElement":[{"@type":"ListItem","position":1,"name":"Startseite","item":"https:\/\/www.luzine-happel.de\/"},{"@type":"ListItem","position":2,"name":"Schwalm Costume \u2013 The Neckerchiefs"}]},{"@type":"WebSite","@id":"https:\/\/www.luzine-happel.de\/#website","url":"https:\/\/www.luzine-happel.de\/","name":"Luzine Happel","description":"","potentialAction":[{"@type":"SearchAction","target":{"@type":"EntryPoint","urlTemplate":"https:\/\/www.luzine-happel.de\/?s={search_term_string}"},"query-input":{"@type":"PropertyValueSpecification","valueRequired":true,"valueName":"search_term_string"}}],"inLanguage":"de"},{"@type":"Person","@id":"https:\/\/www.luzine-happel.de\/#\/schema\/person\/531413decc3e3dc937f7312d13b6238c","name":"Luzine Happel","sameAs":["http:\/\/www.luzine-happel.de"],"url":"https:\/\/www.luzine-happel.de\/?author=2"}]}},"_links":{"self":[{"href":"https:\/\/www.luzine-happel.de\/index.php?rest_route=\/wp\/v2\/posts\/10926","targetHints":{"allow":["GET"]}}],"collection":[{"href":"https:\/\/www.luzine-happel.de\/index.php?rest_route=\/wp\/v2\/posts"}],"about":[{"href":"https:\/\/www.luzine-happel.de\/index.php?rest_route=\/wp\/v2\/types\/post"}],"author":[{"embeddable":true,"href":"https:\/\/www.luzine-happel.de\/index.php?rest_route=\/wp\/v2\/users\/2"}],"replies":[{"embeddable":true,"href":"https:\/\/www.luzine-happel.de\/index.php?rest_route=%2Fwp%2Fv2%2Fcomments&post=10926"}],"version-history":[{"count":5,"href":"https:\/\/www.luzine-happel.de\/index.php?rest_route=\/wp\/v2\/posts\/10926\/revisions"}],"predecessor-version":[{"id":10949,"href":"https:\/\/www.luzine-happel.de\/index.php?rest_route=\/wp\/v2\/posts\/10926\/revisions\/10949"}],"wp:featuredmedia":[{"embeddable":true,"href":"https:\/\/www.luzine-happel.de\/index.php?rest_route=\/wp\/v2\/media\/10950"}],"wp:attachment":[{"href":"https:\/\/www.luzine-happel.de\/index.php?rest_route=%2Fwp%2Fv2%2Fmedia&parent=10926"}],"wp:term":[{"taxonomy":"category","embeddable":true,"href":"https:\/\/www.luzine-happel.de\/index.php?rest_route=%2Fwp%2Fv2%2Fcategories&post=10926"},{"taxonomy":"post_tag","embeddable":true,"href":"https:\/\/www.luzine-happel.de\/index.php?rest_route=%2Fwp%2Fv2%2Ftags&post=10926"}],"curies":[{"name":"wp","href":"https:\/\/api.w.org\/{rel}","templated":true}]}}