{"id":11533,"date":"2018-04-20T23:59:33","date_gmt":"2018-04-20T21:59:33","guid":{"rendered":"https:\/\/www.luzine-happel.de\/?p=11533"},"modified":"2018-04-20T09:22:35","modified_gmt":"2018-04-20T07:22:35","slug":"schwaelmer-tracht-freu-und-leid-tuecher","status":"publish","type":"post","link":"https:\/\/www.luzine-happel.de\/?p=11533","title":{"rendered":"Schw\u00e4lmer Tracht \u2013 Freu-und-Leid-T\u00fccher"},"content":{"rendered":"Eine besondere Art der <a href=\"https:\/\/www.luzine-happel.de\/?p=10926\">Schw\u00e4lmer Halst\u00fccher<\/a> f\u00fcr Frauen waren die Freud-und-Leid T\u00fccher. <\/p>\n<p><a href=\"https:\/\/www.luzine-happel.de\/wp-content\/uploads\/2018\/04\/1_Freud-und-Leid-T\u00fccher.jpg\"><img loading=\"lazy\" decoding=\"async\" src=\"https:\/\/www.luzine-happel.de\/wp-content\/uploads\/2018\/04\/1_Freud-und-Leid-T\u00fccher-438x329.jpg\" alt=\"\" width=\"438\" height=\"329\" class=\"aligncenter size-blog-pos-groesse wp-image-11535\" srcset=\"https:\/\/www.luzine-happel.de\/wp-content\/uploads\/2018\/04\/1_Freud-und-Leid-T\u00fccher-438x329.jpg 438w, https:\/\/www.luzine-happel.de\/wp-content\/uploads\/2018\/04\/1_Freud-und-Leid-T\u00fccher-280x210.jpg 280w, https:\/\/www.luzine-happel.de\/wp-content\/uploads\/2018\/04\/1_Freud-und-Leid-T\u00fccher-768x576.jpg 768w, https:\/\/www.luzine-happel.de\/wp-content\/uploads\/2018\/04\/1_Freud-und-Leid-T\u00fccher-1024x768.jpg 1024w, https:\/\/www.luzine-happel.de\/wp-content\/uploads\/2018\/04\/1_Freud-und-Leid-T\u00fccher.jpg 1200w\" sizes=\"auto, (max-width: 438px) 100vw, 438px\" \/><\/a><br \/>\nBesonders kostbare, reinseidene T\u00fccher waren so gearbeitet, dass man sie sowohl zu fr\u00f6hlichen als auch zu traurigen Anl\u00e4ssen tragen konnte. <\/p>\n<p><a href=\"https:\/\/www.luzine-happel.de\/wp-content\/uploads\/2018\/04\/2_Freud-und-Leid-T\u00fccher.jpg\"><img loading=\"lazy\" decoding=\"async\" src=\"https:\/\/www.luzine-happel.de\/wp-content\/uploads\/2018\/04\/2_Freud-und-Leid-T\u00fccher-438x329.jpg\" alt=\"\" width=\"438\" height=\"329\" class=\"aligncenter size-blog-pos-groesse wp-image-11536\" srcset=\"https:\/\/www.luzine-happel.de\/wp-content\/uploads\/2018\/04\/2_Freud-und-Leid-T\u00fccher-438x329.jpg 438w, https:\/\/www.luzine-happel.de\/wp-content\/uploads\/2018\/04\/2_Freud-und-Leid-T\u00fccher-280x210.jpg 280w, https:\/\/www.luzine-happel.de\/wp-content\/uploads\/2018\/04\/2_Freud-und-Leid-T\u00fccher-768x576.jpg 768w, https:\/\/www.luzine-happel.de\/wp-content\/uploads\/2018\/04\/2_Freud-und-Leid-T\u00fccher-1024x768.jpg 1024w, https:\/\/www.luzine-happel.de\/wp-content\/uploads\/2018\/04\/2_Freud-und-Leid-T\u00fccher.jpg 1200w\" sizes=\"auto, (max-width: 438px) 100vw, 438px\" \/><\/a><br \/>\nDa die quadratischen T\u00fccher diagonal gefaltet wurden, kam entweder die bunte <\/p>\n<p><a href=\"https:\/\/www.luzine-happel.de\/wp-content\/uploads\/2018\/04\/3_Freud-und-Leid-T\u00fccher.jpg\"><img loading=\"lazy\" decoding=\"async\" src=\"https:\/\/www.luzine-happel.de\/wp-content\/uploads\/2018\/04\/3_Freud-und-Leid-T\u00fccher-438x329.jpg\" alt=\"\" width=\"438\" height=\"329\" class=\"aligncenter size-blog-pos-groesse wp-image-11537\" srcset=\"https:\/\/www.luzine-happel.de\/wp-content\/uploads\/2018\/04\/3_Freud-und-Leid-T\u00fccher-438x329.jpg 438w, https:\/\/www.luzine-happel.de\/wp-content\/uploads\/2018\/04\/3_Freud-und-Leid-T\u00fccher-280x210.jpg 280w, https:\/\/www.luzine-happel.de\/wp-content\/uploads\/2018\/04\/3_Freud-und-Leid-T\u00fccher-768x576.jpg 768w, https:\/\/www.luzine-happel.de\/wp-content\/uploads\/2018\/04\/3_Freud-und-Leid-T\u00fccher-1024x768.jpg 1024w, https:\/\/www.luzine-happel.de\/wp-content\/uploads\/2018\/04\/3_Freud-und-Leid-T\u00fccher.jpg 1200w\" sizes=\"auto, (max-width: 438px) 100vw, 438px\" \/><\/a><br \/>\noder die schwarze <\/p>\n<p><a href=\"https:\/\/www.luzine-happel.de\/wp-content\/uploads\/2018\/04\/4_Freud-und-Leid-T\u00fccher.jpg\"><img loading=\"lazy\" decoding=\"async\" src=\"https:\/\/www.luzine-happel.de\/wp-content\/uploads\/2018\/04\/4_Freud-und-Leid-T\u00fccher-438x329.jpg\" alt=\"\" width=\"438\" height=\"329\" class=\"aligncenter size-blog-pos-groesse wp-image-11538\" srcset=\"https:\/\/www.luzine-happel.de\/wp-content\/uploads\/2018\/04\/4_Freud-und-Leid-T\u00fccher-438x329.jpg 438w, https:\/\/www.luzine-happel.de\/wp-content\/uploads\/2018\/04\/4_Freud-und-Leid-T\u00fccher-280x210.jpg 280w, https:\/\/www.luzine-happel.de\/wp-content\/uploads\/2018\/04\/4_Freud-und-Leid-T\u00fccher-768x576.jpg 768w, https:\/\/www.luzine-happel.de\/wp-content\/uploads\/2018\/04\/4_Freud-und-Leid-T\u00fccher-1024x768.jpg 1024w, https:\/\/www.luzine-happel.de\/wp-content\/uploads\/2018\/04\/4_Freud-und-Leid-T\u00fccher.jpg 1200w\" sizes=\"auto, (max-width: 438px) 100vw, 438px\" \/><\/a><br \/>\noder schwarz-wei\u00dfe Seite zum Vorschein.<\/p>\n<p><a href=\"https:\/\/www.luzine-happel.de\/wp-content\/uploads\/2018\/04\/5_Freud-und-Leid-T\u00fccher.jpg\"><img loading=\"lazy\" decoding=\"async\" src=\"https:\/\/www.luzine-happel.de\/wp-content\/uploads\/2018\/04\/5_Freud-und-Leid-T\u00fccher-438x329.jpg\" alt=\"\" width=\"438\" height=\"329\" class=\"aligncenter size-blog-pos-groesse wp-image-11539\" srcset=\"https:\/\/www.luzine-happel.de\/wp-content\/uploads\/2018\/04\/5_Freud-und-Leid-T\u00fccher-438x329.jpg 438w, https:\/\/www.luzine-happel.de\/wp-content\/uploads\/2018\/04\/5_Freud-und-Leid-T\u00fccher-280x210.jpg 280w, https:\/\/www.luzine-happel.de\/wp-content\/uploads\/2018\/04\/5_Freud-und-Leid-T\u00fccher-768x576.jpg 768w, https:\/\/www.luzine-happel.de\/wp-content\/uploads\/2018\/04\/5_Freud-und-Leid-T\u00fccher-1024x768.jpg 1024w, https:\/\/www.luzine-happel.de\/wp-content\/uploads\/2018\/04\/5_Freud-und-Leid-T\u00fccher.jpg 1200w\" sizes=\"auto, (max-width: 438px) 100vw, 438px\" \/><\/a><br \/>\nOft waren diese besonders pr\u00e4chtigen T\u00fccher zus\u00e4tzlich bestickt.<\/p>\n<p><a href=\"https:\/\/www.luzine-happel.de\/wp-content\/uploads\/2018\/04\/6_Freud-und-Leid-T\u00fccher.jpg\"><img loading=\"lazy\" decoding=\"async\" src=\"https:\/\/www.luzine-happel.de\/wp-content\/uploads\/2018\/04\/6_Freud-und-Leid-T\u00fccher-438x329.jpg\" alt=\"\" width=\"438\" height=\"329\" class=\"aligncenter size-blog-pos-groesse wp-image-11540\" srcset=\"https:\/\/www.luzine-happel.de\/wp-content\/uploads\/2018\/04\/6_Freud-und-Leid-T\u00fccher-438x329.jpg 438w, https:\/\/www.luzine-happel.de\/wp-content\/uploads\/2018\/04\/6_Freud-und-Leid-T\u00fccher-280x210.jpg 280w, https:\/\/www.luzine-happel.de\/wp-content\/uploads\/2018\/04\/6_Freud-und-Leid-T\u00fccher-768x576.jpg 768w, https:\/\/www.luzine-happel.de\/wp-content\/uploads\/2018\/04\/6_Freud-und-Leid-T\u00fccher-1024x768.jpg 1024w, https:\/\/www.luzine-happel.de\/wp-content\/uploads\/2018\/04\/6_Freud-und-Leid-T\u00fccher.jpg 1200w\" sizes=\"auto, (max-width: 438px) 100vw, 438px\" \/><\/a>","protected":false},"excerpt":{"rendered":"<p>Eine besondere Art der Schw\u00e4lmer Halst\u00fccher f\u00fcr Frauen waren die Freud-und-Leid T\u00fccher. Besonders kostbare, reinseidene T\u00fccher waren so gearbeitet, dass man sie sowohl zu fr\u00f6hlichen als auch zu traurigen Anl\u00e4ssen tragen konnte. Da die quadratischen T\u00fccher diagonal gefaltet wurden, kam entweder die bunte oder die schwarze oder schwarz-wei\u00dfe Seite zum Vorschein. Oft waren diese besonders pr\u00e4chtigen T\u00fccher zus\u00e4tzlich bestickt.<\/p>\n","protected":false},"author":2,"featured_media":11544,"comment_status":"open","ping_status":"open","sticky":false,"template":"","format":"standard","meta":{"inline_featured_image":false,"footnotes":""},"categories":[1,17],"tags":[],"class_list":["post-11533","post","type-post","status-publish","format-standard","has-post-thumbnail","hentry","category-blog","category-schwalm_costume","wpautop"],"yoast_head":"<!-- This site is optimized with the Yoast SEO plugin v27.5 - https:\/\/yoast.com\/product\/yoast-seo-wordpress\/ -->\n<title>Schw\u00e4lmer Tracht \u2013 Freu-und-Leid-T\u00fccher - Luzine Happel<\/title>\n<meta name=\"robots\" content=\"index, follow, max-snippet:-1, max-image-preview:large, max-video-preview:-1\" \/>\n<link rel=\"canonical\" href=\"https:\/\/www.luzine-happel.de\/?p=11533&lang=en\" \/>\n<meta property=\"og:locale\" content=\"de_DE\" \/>\n<meta property=\"og:type\" content=\"article\" \/>\n<meta property=\"og:title\" content=\"Schw\u00e4lmer Tracht \u2013 Freu-und-Leid-T\u00fccher - Luzine Happel\" \/>\n<meta property=\"og:description\" content=\"Eine besondere Art der Schw\u00e4lmer Halst\u00fccher f\u00fcr Frauen waren die Freud-und-Leid T\u00fccher. Besonders kostbare, reinseidene T\u00fccher waren so gearbeitet, dass man sie sowohl zu fr\u00f6hlichen als auch zu traurigen Anl\u00e4ssen tragen konnte. Da die quadratischen T\u00fccher diagonal gefaltet wurden, kam entweder die bunte oder die schwarze oder schwarz-wei\u00dfe Seite zum Vorschein. Oft waren diese besonders pr\u00e4chtigen T\u00fccher zus\u00e4tzlich bestickt.\" \/>\n<meta property=\"og:url\" content=\"https:\/\/www.luzine-happel.de\/?p=11533&amp;lang=en\" \/>\n<meta property=\"og:site_name\" content=\"Luzine Happel\" \/>\n<meta property=\"article:published_time\" content=\"2018-04-20T21:59:33+00:00\" \/>\n<meta property=\"og:image\" content=\"https:\/\/www.luzine-happel.de\/wp-content\/uploads\/2018\/04\/7_Freud-und-Leid-T\u00fccher_Thumbnail.jpg\" \/>\n\t<meta property=\"og:image:width\" content=\"400\" \/>\n\t<meta property=\"og:image:height\" content=\"400\" \/>\n\t<meta property=\"og:image:type\" content=\"image\/jpeg\" \/>\n<meta name=\"author\" content=\"Luzine Happel\" \/>\n<meta name=\"twitter:card\" content=\"summary_large_image\" \/>\n<meta name=\"twitter:label1\" content=\"Verfasst von\" \/>\n\t<meta name=\"twitter:data1\" content=\"Luzine Happel\" \/>\n\t<meta name=\"twitter:label2\" content=\"Gesch\u00e4tzte Lesezeit\" \/>\n\t<meta name=\"twitter:data2\" content=\"1\u00a0Minute\" \/>\n<script type=\"application\/ld+json\" class=\"yoast-schema-graph\">{\"@context\":\"https:\\\/\\\/schema.org\",\"@graph\":[{\"@type\":\"Article\",\"@id\":\"https:\\\/\\\/www.luzine-happel.de\\\/?p=11533&lang=en#article\",\"isPartOf\":{\"@id\":\"https:\\\/\\\/www.luzine-happel.de\\\/?p=11533&lang=en\"},\"author\":{\"name\":\"Luzine Happel\",\"@id\":\"https:\\\/\\\/www.luzine-happel.de\\\/#\\\/schema\\\/person\\\/531413decc3e3dc937f7312d13b6238c\"},\"headline\":\"Schw\u00e4lmer Tracht \u2013 Freu-und-Leid-T\u00fccher\",\"datePublished\":\"2018-04-20T21:59:33+00:00\",\"mainEntityOfPage\":{\"@id\":\"https:\\\/\\\/www.luzine-happel.de\\\/?p=11533&lang=en\"},\"wordCount\":149,\"commentCount\":0,\"image\":{\"@id\":\"https:\\\/\\\/www.luzine-happel.de\\\/?p=11533&lang=en#primaryimage\"},\"thumbnailUrl\":\"https:\\\/\\\/www.luzine-happel.de\\\/wp-content\\\/uploads\\\/2018\\\/04\\\/7_Freud-und-Leid-T\u00fccher_Thumbnail.jpg\",\"articleSection\":[\"Blog\",\"Schw\u00e4lmer Tracht\"],\"inLanguage\":\"de\",\"potentialAction\":[{\"@type\":\"CommentAction\",\"name\":\"Comment\",\"target\":[\"https:\\\/\\\/www.luzine-happel.de\\\/?p=11533&lang=en#respond\"]}]},{\"@type\":\"WebPage\",\"@id\":\"https:\\\/\\\/www.luzine-happel.de\\\/?p=11533&lang=en\",\"url\":\"https:\\\/\\\/www.luzine-happel.de\\\/?p=11533&lang=en\",\"name\":\"Schw\u00e4lmer Tracht \u2013 Freu-und-Leid-T\u00fccher - Luzine Happel\",\"isPartOf\":{\"@id\":\"https:\\\/\\\/www.luzine-happel.de\\\/#website\"},\"primaryImageOfPage\":{\"@id\":\"https:\\\/\\\/www.luzine-happel.de\\\/?p=11533&lang=en#primaryimage\"},\"image\":{\"@id\":\"https:\\\/\\\/www.luzine-happel.de\\\/?p=11533&lang=en#primaryimage\"},\"thumbnailUrl\":\"https:\\\/\\\/www.luzine-happel.de\\\/wp-content\\\/uploads\\\/2018\\\/04\\\/7_Freud-und-Leid-T\u00fccher_Thumbnail.jpg\",\"datePublished\":\"2018-04-20T21:59:33+00:00\",\"author\":{\"@id\":\"https:\\\/\\\/www.luzine-happel.de\\\/#\\\/schema\\\/person\\\/531413decc3e3dc937f7312d13b6238c\"},\"breadcrumb\":{\"@id\":\"https:\\\/\\\/www.luzine-happel.de\\\/?p=11533&lang=en#breadcrumb\"},\"inLanguage\":\"de\",\"potentialAction\":[{\"@type\":\"ReadAction\",\"target\":[\"https:\\\/\\\/www.luzine-happel.de\\\/?p=11533&lang=en\"]}]},{\"@type\":\"ImageObject\",\"inLanguage\":\"de\",\"@id\":\"https:\\\/\\\/www.luzine-happel.de\\\/?p=11533&lang=en#primaryimage\",\"url\":\"https:\\\/\\\/www.luzine-happel.de\\\/wp-content\\\/uploads\\\/2018\\\/04\\\/7_Freud-und-Leid-T\u00fccher_Thumbnail.jpg\",\"contentUrl\":\"https:\\\/\\\/www.luzine-happel.de\\\/wp-content\\\/uploads\\\/2018\\\/04\\\/7_Freud-und-Leid-T\u00fccher_Thumbnail.jpg\",\"width\":400,\"height\":400},{\"@type\":\"BreadcrumbList\",\"@id\":\"https:\\\/\\\/www.luzine-happel.de\\\/?p=11533&lang=en#breadcrumb\",\"itemListElement\":[{\"@type\":\"ListItem\",\"position\":1,\"name\":\"Startseite\",\"item\":\"https:\\\/\\\/www.luzine-happel.de\\\/\"},{\"@type\":\"ListItem\",\"position\":2,\"name\":\"Schwalm Costume \u2013 Joy-and-Sorrow Neckerchiefs\"}]},{\"@type\":\"WebSite\",\"@id\":\"https:\\\/\\\/www.luzine-happel.de\\\/#website\",\"url\":\"https:\\\/\\\/www.luzine-happel.de\\\/\",\"name\":\"Luzine Happel\",\"description\":\"\",\"potentialAction\":[{\"@type\":\"SearchAction\",\"target\":{\"@type\":\"EntryPoint\",\"urlTemplate\":\"https:\\\/\\\/www.luzine-happel.de\\\/?s={search_term_string}\"},\"query-input\":{\"@type\":\"PropertyValueSpecification\",\"valueRequired\":true,\"valueName\":\"search_term_string\"}}],\"inLanguage\":\"de\"},{\"@type\":\"Person\",\"@id\":\"https:\\\/\\\/www.luzine-happel.de\\\/#\\\/schema\\\/person\\\/531413decc3e3dc937f7312d13b6238c\",\"name\":\"Luzine Happel\",\"sameAs\":[\"http:\\\/\\\/www.luzine-happel.de\"],\"url\":\"https:\\\/\\\/www.luzine-happel.de\\\/?author=2\"}]}<\/script>\n<!-- \/ Yoast SEO plugin. -->","yoast_head_json":{"title":"Schw\u00e4lmer Tracht \u2013 Freu-und-Leid-T\u00fccher - Luzine Happel","robots":{"index":"index","follow":"follow","max-snippet":"max-snippet:-1","max-image-preview":"max-image-preview:large","max-video-preview":"max-video-preview:-1"},"canonical":"https:\/\/www.luzine-happel.de\/?p=11533&lang=en","og_locale":"de_DE","og_type":"article","og_title":"Schw\u00e4lmer Tracht \u2013 Freu-und-Leid-T\u00fccher - Luzine Happel","og_description":"Eine besondere Art der Schw\u00e4lmer Halst\u00fccher f\u00fcr Frauen waren die Freud-und-Leid T\u00fccher. Besonders kostbare, reinseidene T\u00fccher waren so gearbeitet, dass man sie sowohl zu fr\u00f6hlichen als auch zu traurigen Anl\u00e4ssen tragen konnte. Da die quadratischen T\u00fccher diagonal gefaltet wurden, kam entweder die bunte oder die schwarze oder schwarz-wei\u00dfe Seite zum Vorschein. Oft waren diese besonders pr\u00e4chtigen T\u00fccher zus\u00e4tzlich bestickt.","og_url":"https:\/\/www.luzine-happel.de\/?p=11533&lang=en","og_site_name":"Luzine Happel","article_published_time":"2018-04-20T21:59:33+00:00","og_image":[{"width":400,"height":400,"url":"https:\/\/www.luzine-happel.de\/wp-content\/uploads\/2018\/04\/7_Freud-und-Leid-T\u00fccher_Thumbnail.jpg","type":"image\/jpeg"}],"author":"Luzine Happel","twitter_card":"summary_large_image","twitter_misc":{"Verfasst von":"Luzine Happel","Gesch\u00e4tzte Lesezeit":"1\u00a0Minute"},"schema":{"@context":"https:\/\/schema.org","@graph":[{"@type":"Article","@id":"https:\/\/www.luzine-happel.de\/?p=11533&lang=en#article","isPartOf":{"@id":"https:\/\/www.luzine-happel.de\/?p=11533&lang=en"},"author":{"name":"Luzine Happel","@id":"https:\/\/www.luzine-happel.de\/#\/schema\/person\/531413decc3e3dc937f7312d13b6238c"},"headline":"Schw\u00e4lmer Tracht \u2013 Freu-und-Leid-T\u00fccher","datePublished":"2018-04-20T21:59:33+00:00","mainEntityOfPage":{"@id":"https:\/\/www.luzine-happel.de\/?p=11533&lang=en"},"wordCount":149,"commentCount":0,"image":{"@id":"https:\/\/www.luzine-happel.de\/?p=11533&lang=en#primaryimage"},"thumbnailUrl":"https:\/\/www.luzine-happel.de\/wp-content\/uploads\/2018\/04\/7_Freud-und-Leid-T\u00fccher_Thumbnail.jpg","articleSection":["Blog","Schw\u00e4lmer Tracht"],"inLanguage":"de","potentialAction":[{"@type":"CommentAction","name":"Comment","target":["https:\/\/www.luzine-happel.de\/?p=11533&lang=en#respond"]}]},{"@type":"WebPage","@id":"https:\/\/www.luzine-happel.de\/?p=11533&lang=en","url":"https:\/\/www.luzine-happel.de\/?p=11533&lang=en","name":"Schw\u00e4lmer Tracht \u2013 Freu-und-Leid-T\u00fccher - Luzine Happel","isPartOf":{"@id":"https:\/\/www.luzine-happel.de\/#website"},"primaryImageOfPage":{"@id":"https:\/\/www.luzine-happel.de\/?p=11533&lang=en#primaryimage"},"image":{"@id":"https:\/\/www.luzine-happel.de\/?p=11533&lang=en#primaryimage"},"thumbnailUrl":"https:\/\/www.luzine-happel.de\/wp-content\/uploads\/2018\/04\/7_Freud-und-Leid-T\u00fccher_Thumbnail.jpg","datePublished":"2018-04-20T21:59:33+00:00","author":{"@id":"https:\/\/www.luzine-happel.de\/#\/schema\/person\/531413decc3e3dc937f7312d13b6238c"},"breadcrumb":{"@id":"https:\/\/www.luzine-happel.de\/?p=11533&lang=en#breadcrumb"},"inLanguage":"de","potentialAction":[{"@type":"ReadAction","target":["https:\/\/www.luzine-happel.de\/?p=11533&lang=en"]}]},{"@type":"ImageObject","inLanguage":"de","@id":"https:\/\/www.luzine-happel.de\/?p=11533&lang=en#primaryimage","url":"https:\/\/www.luzine-happel.de\/wp-content\/uploads\/2018\/04\/7_Freud-und-Leid-T\u00fccher_Thumbnail.jpg","contentUrl":"https:\/\/www.luzine-happel.de\/wp-content\/uploads\/2018\/04\/7_Freud-und-Leid-T\u00fccher_Thumbnail.jpg","width":400,"height":400},{"@type":"BreadcrumbList","@id":"https:\/\/www.luzine-happel.de\/?p=11533&lang=en#breadcrumb","itemListElement":[{"@type":"ListItem","position":1,"name":"Startseite","item":"https:\/\/www.luzine-happel.de\/"},{"@type":"ListItem","position":2,"name":"Schwalm Costume \u2013 Joy-and-Sorrow Neckerchiefs"}]},{"@type":"WebSite","@id":"https:\/\/www.luzine-happel.de\/#website","url":"https:\/\/www.luzine-happel.de\/","name":"Luzine Happel","description":"","potentialAction":[{"@type":"SearchAction","target":{"@type":"EntryPoint","urlTemplate":"https:\/\/www.luzine-happel.de\/?s={search_term_string}"},"query-input":{"@type":"PropertyValueSpecification","valueRequired":true,"valueName":"search_term_string"}}],"inLanguage":"de"},{"@type":"Person","@id":"https:\/\/www.luzine-happel.de\/#\/schema\/person\/531413decc3e3dc937f7312d13b6238c","name":"Luzine Happel","sameAs":["http:\/\/www.luzine-happel.de"],"url":"https:\/\/www.luzine-happel.de\/?author=2"}]}},"_links":{"self":[{"href":"https:\/\/www.luzine-happel.de\/index.php?rest_route=\/wp\/v2\/posts\/11533","targetHints":{"allow":["GET"]}}],"collection":[{"href":"https:\/\/www.luzine-happel.de\/index.php?rest_route=\/wp\/v2\/posts"}],"about":[{"href":"https:\/\/www.luzine-happel.de\/index.php?rest_route=\/wp\/v2\/types\/post"}],"author":[{"embeddable":true,"href":"https:\/\/www.luzine-happel.de\/index.php?rest_route=\/wp\/v2\/users\/2"}],"replies":[{"embeddable":true,"href":"https:\/\/www.luzine-happel.de\/index.php?rest_route=%2Fwp%2Fv2%2Fcomments&post=11533"}],"version-history":[{"count":4,"href":"https:\/\/www.luzine-happel.de\/index.php?rest_route=\/wp\/v2\/posts\/11533\/revisions"}],"predecessor-version":[{"id":11543,"href":"https:\/\/www.luzine-happel.de\/index.php?rest_route=\/wp\/v2\/posts\/11533\/revisions\/11543"}],"wp:featuredmedia":[{"embeddable":true,"href":"https:\/\/www.luzine-happel.de\/index.php?rest_route=\/wp\/v2\/media\/11544"}],"wp:attachment":[{"href":"https:\/\/www.luzine-happel.de\/index.php?rest_route=%2Fwp%2Fv2%2Fmedia&parent=11533"}],"wp:term":[{"taxonomy":"category","embeddable":true,"href":"https:\/\/www.luzine-happel.de\/index.php?rest_route=%2Fwp%2Fv2%2Fcategories&post=11533"},{"taxonomy":"post_tag","embeddable":true,"href":"https:\/\/www.luzine-happel.de\/index.php?rest_route=%2Fwp%2Fv2%2Ftags&post=11533"}],"curies":[{"name":"wp","href":"https:\/\/api.w.org\/{rel}","templated":true}]}}