{"id":3531,"date":"2014-01-25T08:30:50","date_gmt":"2014-01-25T07:30:50","guid":{"rendered":"https:\/\/www.luzine-happel.de\/?p=3531"},"modified":"2015-04-25T11:03:31","modified_gmt":"2015-04-25T10:03:31","slug":"schwaelmer-tracht-das-unterhemd","status":"publish","type":"post","link":"https:\/\/www.luzine-happel.de\/?p=3531","title":{"rendered":"Schw\u00e4lmer Tracht \u2013 das Unterhemd"},"content":{"rendered":"<p>Wie bereits in \u201e<a href=\"https:\/\/www.luzine-happel.de\/?p=3233\" title=\"Schw\u00e4lmer Tracht \u2013 ein \u00dcberblick\">Schw\u00e4lmer Tracht \u2013 ein \u00dcberblick<\/a>\u201c erw\u00e4hnt, besteht die Schw\u00e4lmer Festtagstracht aus vielen unterschiedlichen Teilen. Womit beginnen? Ganz einfach, wo wir alle normalerweise mit dem Bekleiden anfangen \u2013 mit der Unterw\u00e4sche.<\/p>\n<p>Die Frauen der Schwalm trugen Unterhemden. Von Unterhosen in der damaligen Zeit ist mir nichts bekannt. Sp\u00e4ter, wenn die Schw\u00e4lmerin vollst\u00e4ndig angezogen sein wird, werden Sie verstehen k\u00f6nnen, warum.<\/p>\n<p>Das Unterhemd wurde aus reinem Leinen gefertigt. Es war ein wenig mehr als knielang und einfach in der Form \u2013 nach unten hin ein bisschen ausgestellt.<\/p>\n<div style=\"float: left; width: 50%;text-align:right\"><a href=\"https:\/\/www.luzine-happel.de\/wp-content\/uploads\/2014\/01\/Sommer-Unterhemd_-_Summer-undershirt.jpg\"><img loading=\"lazy\" decoding=\"async\" src=\"https:\/\/www.luzine-happel.de\/wp-content\/uploads\/2014\/01\/Sommer-Unterhemd_-_Summer-undershirt-347x700.jpg\" alt=\"Sommer-Unterhemd | Summer-undershirt\" width=\"173\" height=\"350\" class=\"aligncenter size-medium\" \/><\/a><\/div>\n<div style=\"float: left; width: 50%;text-align:right;margin-bottom:50px\"><a href=\"https:\/\/www.luzine-happel.de\/wp-content\/uploads\/2014\/01\/Rueckseite_-_backside.jpg\"><img loading=\"lazy\" decoding=\"async\" src=\"https:\/\/www.luzine-happel.de\/wp-content\/uploads\/2014\/01\/Rueckseite_-_backside-258x700.jpg\" alt=\"R\u00fcckseite | backside\" width=\"129\" height=\"350\" class=\"aligncenter size-medium\" \/><\/a><\/div>\n<div class=\"clear\"><\/div>\n<p>Das Sommer-Unterhemd war \u00e4rmellos und ohne Verschluss. Das Winterunterhemd war lang\u00e4rmelig und konnte ein Bindeb\u00e4ndchen als Verschluss haben.<\/p>\n<div style=\"float: left; width: 50%;text-align:right\"><a href=\"https:\/\/www.luzine-happel.de\/wp-content\/uploads\/2014\/01\/Seitenansicht_-_side_view.jpg\"><img loading=\"lazy\" decoding=\"async\" src=\"https:\/\/www.luzine-happel.de\/wp-content\/uploads\/2014\/01\/Seitenansicht_-_side_view-357x700.jpg\" alt=\"Seitenansicht | side view\" width=\"179\" height=\"350\" class=\"aligncenter size-medium\" \/><\/a><\/div>\n<div style=\"float: left; width: 50%;text-align:right;margin-bottom:50px\"><a href=\"https:\/\/www.luzine-happel.de\/wp-content\/uploads\/2014\/01\/Winter-Unterhemd_-_Winter-undershirt.jpg\"><img loading=\"lazy\" decoding=\"async\" src=\"https:\/\/www.luzine-happel.de\/wp-content\/uploads\/2014\/01\/Winter-Unterhemd_-_Winter-undershirt-407x700.jpg\" alt=\"Winter-Unterhemd | Winter-undershirt\" width=\"204\" height=\"350\" class=\"aligncenter size-medium\" \/><\/a><\/div>\n<div class=\"clear\"><\/div>\n<p><\/p>","protected":false},"excerpt":{"rendered":"<p>Wie bereits in \u201eSchw\u00e4lmer Tracht \u2013 ein \u00dcberblick\u201c erw\u00e4hnt, besteht die Schw\u00e4lmer Festtagstracht aus vielen unterschiedlichen Teilen. Womit beginnen? Ganz einfach, wo wir alle normalerweise mit dem Bekleiden anfangen \u2013 mit der Unterw\u00e4sche. Die Frauen der Schwalm trugen Unterhemden. Von Unterhosen in der damaligen Zeit ist mir nichts bekannt. Sp\u00e4ter, wenn die Schw\u00e4lmerin vollst\u00e4ndig angezogen sein wird, werden Sie verstehen k\u00f6nnen, warum. Das Unterhemd wurde aus reinem Leinen gefertigt. Es war ein wenig mehr als knielang und einfach in der Form \u2013 nach unten hin ein bisschen ausgestellt. Das Sommer-Unterhemd war \u00e4rmellos und ohne Verschluss. Das Winterunterhemd war lang\u00e4rmelig und konnte ein Bindeb\u00e4ndchen als Verschluss haben.<\/p>\n","protected":false},"author":2,"featured_media":5117,"comment_status":"open","ping_status":"open","sticky":false,"template":"","format":"standard","meta":{"inline_featured_image":false,"footnotes":""},"categories":[1,17],"tags":[],"class_list":["post-3531","post","type-post","status-publish","format-standard","has-post-thumbnail","hentry","category-blog","category-schwalm_costume","wpautop"],"yoast_head":"<!-- This site is optimized with the Yoast SEO plugin v27.5 - https:\/\/yoast.com\/product\/yoast-seo-wordpress\/ -->\n<title>Schw\u00e4lmer Tracht \u2013 das Unterhemd - Luzine Happel<\/title>\n<meta name=\"robots\" content=\"index, follow, max-snippet:-1, max-image-preview:large, max-video-preview:-1\" \/>\n<link rel=\"canonical\" href=\"https:\/\/www.luzine-happel.de\/?p=3531&lang=en\" \/>\n<meta property=\"og:locale\" content=\"de_DE\" \/>\n<meta property=\"og:type\" content=\"article\" \/>\n<meta property=\"og:title\" content=\"Schw\u00e4lmer Tracht \u2013 das Unterhemd - Luzine Happel\" \/>\n<meta property=\"og:description\" content=\"Wie bereits in \u201eSchw\u00e4lmer Tracht \u2013 ein \u00dcberblick\u201c erw\u00e4hnt, besteht die Schw\u00e4lmer Festtagstracht aus vielen unterschiedlichen Teilen. Womit beginnen? Ganz einfach, wo wir alle normalerweise mit dem Bekleiden anfangen \u2013 mit der Unterw\u00e4sche. Die Frauen der Schwalm trugen Unterhemden. Von Unterhosen in der damaligen Zeit ist mir nichts bekannt. Sp\u00e4ter, wenn die Schw\u00e4lmerin vollst\u00e4ndig angezogen sein wird, werden Sie verstehen k\u00f6nnen, warum. Das Unterhemd wurde aus reinem Leinen gefertigt. Es war ein wenig mehr als knielang und einfach in der Form \u2013 nach unten hin ein bisschen ausgestellt. Das Sommer-Unterhemd war \u00e4rmellos und ohne Verschluss. Das Winterunterhemd war lang\u00e4rmelig und konnte ein Bindeb\u00e4ndchen als Verschluss haben.\" \/>\n<meta property=\"og:url\" content=\"https:\/\/www.luzine-happel.de\/?p=3531&amp;lang=en\" \/>\n<meta property=\"og:site_name\" content=\"Luzine Happel\" \/>\n<meta property=\"article:published_time\" content=\"2014-01-25T07:30:50+00:00\" \/>\n<meta property=\"article:modified_time\" content=\"2015-04-25T10:03:31+00:00\" \/>\n<meta property=\"og:image\" content=\"https:\/\/www.luzine-happel.de\/wp-content\/uploads\/2014\/01\/Schwalm_Costume_-_The_Undershirts.jpg\" \/>\n\t<meta property=\"og:image:width\" content=\"400\" \/>\n\t<meta property=\"og:image:height\" content=\"400\" \/>\n\t<meta property=\"og:image:type\" content=\"image\/jpeg\" \/>\n<meta name=\"author\" content=\"Luzine Happel\" \/>\n<meta name=\"twitter:card\" content=\"summary_large_image\" \/>\n<meta name=\"twitter:label1\" content=\"Verfasst von\" \/>\n\t<meta name=\"twitter:data1\" content=\"Luzine Happel\" \/>\n\t<meta name=\"twitter:label2\" content=\"Gesch\u00e4tzte Lesezeit\" \/>\n\t<meta name=\"twitter:data2\" content=\"1\u00a0Minute\" \/>\n<script type=\"application\/ld+json\" class=\"yoast-schema-graph\">{\"@context\":\"https:\\\/\\\/schema.org\",\"@graph\":[{\"@type\":\"Article\",\"@id\":\"https:\\\/\\\/www.luzine-happel.de\\\/?p=3531&lang=en#article\",\"isPartOf\":{\"@id\":\"https:\\\/\\\/www.luzine-happel.de\\\/?p=3531&lang=en\"},\"author\":{\"name\":\"Luzine Happel\",\"@id\":\"https:\\\/\\\/www.luzine-happel.de\\\/#\\\/schema\\\/person\\\/531413decc3e3dc937f7312d13b6238c\"},\"headline\":\"Schw\u00e4lmer Tracht \u2013 das Unterhemd\",\"datePublished\":\"2014-01-25T07:30:50+00:00\",\"dateModified\":\"2015-04-25T10:03:31+00:00\",\"mainEntityOfPage\":{\"@id\":\"https:\\\/\\\/www.luzine-happel.de\\\/?p=3531&lang=en\"},\"wordCount\":229,\"commentCount\":0,\"image\":{\"@id\":\"https:\\\/\\\/www.luzine-happel.de\\\/?p=3531&lang=en#primaryimage\"},\"thumbnailUrl\":\"https:\\\/\\\/www.luzine-happel.de\\\/wp-content\\\/uploads\\\/2014\\\/01\\\/Schwalm_Costume_-_The_Undershirts.jpg\",\"articleSection\":[\"Blog\",\"Schw\u00e4lmer Tracht\"],\"inLanguage\":\"de\",\"potentialAction\":[{\"@type\":\"CommentAction\",\"name\":\"Comment\",\"target\":[\"https:\\\/\\\/www.luzine-happel.de\\\/?p=3531&lang=en#respond\"]}]},{\"@type\":\"WebPage\",\"@id\":\"https:\\\/\\\/www.luzine-happel.de\\\/?p=3531&lang=en\",\"url\":\"https:\\\/\\\/www.luzine-happel.de\\\/?p=3531&lang=en\",\"name\":\"Schw\u00e4lmer Tracht \u2013 das Unterhemd - Luzine Happel\",\"isPartOf\":{\"@id\":\"https:\\\/\\\/www.luzine-happel.de\\\/#website\"},\"primaryImageOfPage\":{\"@id\":\"https:\\\/\\\/www.luzine-happel.de\\\/?p=3531&lang=en#primaryimage\"},\"image\":{\"@id\":\"https:\\\/\\\/www.luzine-happel.de\\\/?p=3531&lang=en#primaryimage\"},\"thumbnailUrl\":\"https:\\\/\\\/www.luzine-happel.de\\\/wp-content\\\/uploads\\\/2014\\\/01\\\/Schwalm_Costume_-_The_Undershirts.jpg\",\"datePublished\":\"2014-01-25T07:30:50+00:00\",\"dateModified\":\"2015-04-25T10:03:31+00:00\",\"author\":{\"@id\":\"https:\\\/\\\/www.luzine-happel.de\\\/#\\\/schema\\\/person\\\/531413decc3e3dc937f7312d13b6238c\"},\"breadcrumb\":{\"@id\":\"https:\\\/\\\/www.luzine-happel.de\\\/?p=3531&lang=en#breadcrumb\"},\"inLanguage\":\"de\",\"potentialAction\":[{\"@type\":\"ReadAction\",\"target\":[\"https:\\\/\\\/www.luzine-happel.de\\\/?p=3531&lang=en\"]}]},{\"@type\":\"ImageObject\",\"inLanguage\":\"de\",\"@id\":\"https:\\\/\\\/www.luzine-happel.de\\\/?p=3531&lang=en#primaryimage\",\"url\":\"https:\\\/\\\/www.luzine-happel.de\\\/wp-content\\\/uploads\\\/2014\\\/01\\\/Schwalm_Costume_-_The_Undershirts.jpg\",\"contentUrl\":\"https:\\\/\\\/www.luzine-happel.de\\\/wp-content\\\/uploads\\\/2014\\\/01\\\/Schwalm_Costume_-_The_Undershirts.jpg\",\"width\":400,\"height\":400},{\"@type\":\"BreadcrumbList\",\"@id\":\"https:\\\/\\\/www.luzine-happel.de\\\/?p=3531&lang=en#breadcrumb\",\"itemListElement\":[{\"@type\":\"ListItem\",\"position\":1,\"name\":\"Startseite\",\"item\":\"https:\\\/\\\/www.luzine-happel.de\\\/\"},{\"@type\":\"ListItem\",\"position\":2,\"name\":\"Schwalm Costume \u2013 The Undershirts\"}]},{\"@type\":\"WebSite\",\"@id\":\"https:\\\/\\\/www.luzine-happel.de\\\/#website\",\"url\":\"https:\\\/\\\/www.luzine-happel.de\\\/\",\"name\":\"Luzine Happel\",\"description\":\"\",\"potentialAction\":[{\"@type\":\"SearchAction\",\"target\":{\"@type\":\"EntryPoint\",\"urlTemplate\":\"https:\\\/\\\/www.luzine-happel.de\\\/?s={search_term_string}\"},\"query-input\":{\"@type\":\"PropertyValueSpecification\",\"valueRequired\":true,\"valueName\":\"search_term_string\"}}],\"inLanguage\":\"de\"},{\"@type\":\"Person\",\"@id\":\"https:\\\/\\\/www.luzine-happel.de\\\/#\\\/schema\\\/person\\\/531413decc3e3dc937f7312d13b6238c\",\"name\":\"Luzine Happel\",\"sameAs\":[\"http:\\\/\\\/www.luzine-happel.de\"],\"url\":\"https:\\\/\\\/www.luzine-happel.de\\\/?author=2\"}]}<\/script>\n<!-- \/ Yoast SEO plugin. -->","yoast_head_json":{"title":"Schw\u00e4lmer Tracht \u2013 das Unterhemd - Luzine Happel","robots":{"index":"index","follow":"follow","max-snippet":"max-snippet:-1","max-image-preview":"max-image-preview:large","max-video-preview":"max-video-preview:-1"},"canonical":"https:\/\/www.luzine-happel.de\/?p=3531&lang=en","og_locale":"de_DE","og_type":"article","og_title":"Schw\u00e4lmer Tracht \u2013 das Unterhemd - Luzine Happel","og_description":"Wie bereits in \u201eSchw\u00e4lmer Tracht \u2013 ein \u00dcberblick\u201c erw\u00e4hnt, besteht die Schw\u00e4lmer Festtagstracht aus vielen unterschiedlichen Teilen. Womit beginnen? Ganz einfach, wo wir alle normalerweise mit dem Bekleiden anfangen \u2013 mit der Unterw\u00e4sche. Die Frauen der Schwalm trugen Unterhemden. Von Unterhosen in der damaligen Zeit ist mir nichts bekannt. Sp\u00e4ter, wenn die Schw\u00e4lmerin vollst\u00e4ndig angezogen sein wird, werden Sie verstehen k\u00f6nnen, warum. Das Unterhemd wurde aus reinem Leinen gefertigt. Es war ein wenig mehr als knielang und einfach in der Form \u2013 nach unten hin ein bisschen ausgestellt. Das Sommer-Unterhemd war \u00e4rmellos und ohne Verschluss. Das Winterunterhemd war lang\u00e4rmelig und konnte ein Bindeb\u00e4ndchen als Verschluss haben.","og_url":"https:\/\/www.luzine-happel.de\/?p=3531&lang=en","og_site_name":"Luzine Happel","article_published_time":"2014-01-25T07:30:50+00:00","article_modified_time":"2015-04-25T10:03:31+00:00","og_image":[{"width":400,"height":400,"url":"https:\/\/www.luzine-happel.de\/wp-content\/uploads\/2014\/01\/Schwalm_Costume_-_The_Undershirts.jpg","type":"image\/jpeg"}],"author":"Luzine Happel","twitter_card":"summary_large_image","twitter_misc":{"Verfasst von":"Luzine Happel","Gesch\u00e4tzte Lesezeit":"1\u00a0Minute"},"schema":{"@context":"https:\/\/schema.org","@graph":[{"@type":"Article","@id":"https:\/\/www.luzine-happel.de\/?p=3531&lang=en#article","isPartOf":{"@id":"https:\/\/www.luzine-happel.de\/?p=3531&lang=en"},"author":{"name":"Luzine Happel","@id":"https:\/\/www.luzine-happel.de\/#\/schema\/person\/531413decc3e3dc937f7312d13b6238c"},"headline":"Schw\u00e4lmer Tracht \u2013 das Unterhemd","datePublished":"2014-01-25T07:30:50+00:00","dateModified":"2015-04-25T10:03:31+00:00","mainEntityOfPage":{"@id":"https:\/\/www.luzine-happel.de\/?p=3531&lang=en"},"wordCount":229,"commentCount":0,"image":{"@id":"https:\/\/www.luzine-happel.de\/?p=3531&lang=en#primaryimage"},"thumbnailUrl":"https:\/\/www.luzine-happel.de\/wp-content\/uploads\/2014\/01\/Schwalm_Costume_-_The_Undershirts.jpg","articleSection":["Blog","Schw\u00e4lmer Tracht"],"inLanguage":"de","potentialAction":[{"@type":"CommentAction","name":"Comment","target":["https:\/\/www.luzine-happel.de\/?p=3531&lang=en#respond"]}]},{"@type":"WebPage","@id":"https:\/\/www.luzine-happel.de\/?p=3531&lang=en","url":"https:\/\/www.luzine-happel.de\/?p=3531&lang=en","name":"Schw\u00e4lmer Tracht \u2013 das Unterhemd - Luzine Happel","isPartOf":{"@id":"https:\/\/www.luzine-happel.de\/#website"},"primaryImageOfPage":{"@id":"https:\/\/www.luzine-happel.de\/?p=3531&lang=en#primaryimage"},"image":{"@id":"https:\/\/www.luzine-happel.de\/?p=3531&lang=en#primaryimage"},"thumbnailUrl":"https:\/\/www.luzine-happel.de\/wp-content\/uploads\/2014\/01\/Schwalm_Costume_-_The_Undershirts.jpg","datePublished":"2014-01-25T07:30:50+00:00","dateModified":"2015-04-25T10:03:31+00:00","author":{"@id":"https:\/\/www.luzine-happel.de\/#\/schema\/person\/531413decc3e3dc937f7312d13b6238c"},"breadcrumb":{"@id":"https:\/\/www.luzine-happel.de\/?p=3531&lang=en#breadcrumb"},"inLanguage":"de","potentialAction":[{"@type":"ReadAction","target":["https:\/\/www.luzine-happel.de\/?p=3531&lang=en"]}]},{"@type":"ImageObject","inLanguage":"de","@id":"https:\/\/www.luzine-happel.de\/?p=3531&lang=en#primaryimage","url":"https:\/\/www.luzine-happel.de\/wp-content\/uploads\/2014\/01\/Schwalm_Costume_-_The_Undershirts.jpg","contentUrl":"https:\/\/www.luzine-happel.de\/wp-content\/uploads\/2014\/01\/Schwalm_Costume_-_The_Undershirts.jpg","width":400,"height":400},{"@type":"BreadcrumbList","@id":"https:\/\/www.luzine-happel.de\/?p=3531&lang=en#breadcrumb","itemListElement":[{"@type":"ListItem","position":1,"name":"Startseite","item":"https:\/\/www.luzine-happel.de\/"},{"@type":"ListItem","position":2,"name":"Schwalm Costume \u2013 The Undershirts"}]},{"@type":"WebSite","@id":"https:\/\/www.luzine-happel.de\/#website","url":"https:\/\/www.luzine-happel.de\/","name":"Luzine Happel","description":"","potentialAction":[{"@type":"SearchAction","target":{"@type":"EntryPoint","urlTemplate":"https:\/\/www.luzine-happel.de\/?s={search_term_string}"},"query-input":{"@type":"PropertyValueSpecification","valueRequired":true,"valueName":"search_term_string"}}],"inLanguage":"de"},{"@type":"Person","@id":"https:\/\/www.luzine-happel.de\/#\/schema\/person\/531413decc3e3dc937f7312d13b6238c","name":"Luzine Happel","sameAs":["http:\/\/www.luzine-happel.de"],"url":"https:\/\/www.luzine-happel.de\/?author=2"}]}},"_links":{"self":[{"href":"https:\/\/www.luzine-happel.de\/index.php?rest_route=\/wp\/v2\/posts\/3531","targetHints":{"allow":["GET"]}}],"collection":[{"href":"https:\/\/www.luzine-happel.de\/index.php?rest_route=\/wp\/v2\/posts"}],"about":[{"href":"https:\/\/www.luzine-happel.de\/index.php?rest_route=\/wp\/v2\/types\/post"}],"author":[{"embeddable":true,"href":"https:\/\/www.luzine-happel.de\/index.php?rest_route=\/wp\/v2\/users\/2"}],"replies":[{"embeddable":true,"href":"https:\/\/www.luzine-happel.de\/index.php?rest_route=%2Fwp%2Fv2%2Fcomments&post=3531"}],"version-history":[{"count":1,"href":"https:\/\/www.luzine-happel.de\/index.php?rest_route=\/wp\/v2\/posts\/3531\/revisions"}],"predecessor-version":[{"id":5118,"href":"https:\/\/www.luzine-happel.de\/index.php?rest_route=\/wp\/v2\/posts\/3531\/revisions\/5118"}],"wp:featuredmedia":[{"embeddable":true,"href":"https:\/\/www.luzine-happel.de\/index.php?rest_route=\/wp\/v2\/media\/5117"}],"wp:attachment":[{"href":"https:\/\/www.luzine-happel.de\/index.php?rest_route=%2Fwp%2Fv2%2Fmedia&parent=3531"}],"wp:term":[{"taxonomy":"category","embeddable":true,"href":"https:\/\/www.luzine-happel.de\/index.php?rest_route=%2Fwp%2Fv2%2Fcategories&post=3531"},{"taxonomy":"post_tag","embeddable":true,"href":"https:\/\/www.luzine-happel.de\/index.php?rest_route=%2Fwp%2Fv2%2Ftags&post=3531"}],"curies":[{"name":"wp","href":"https:\/\/api.w.org\/{rel}","templated":true}]}}