{"id":8287,"date":"2017-02-25T09:30:45","date_gmt":"2017-02-25T07:30:45","guid":{"rendered":"https:\/\/www.luzine-happel.de\/?p=8287"},"modified":"2017-02-24T14:58:11","modified_gmt":"2017-02-24T12:58:11","slug":"kloeppelspitze-in-der-schwalm-1","status":"publish","type":"post","link":"https:\/\/www.luzine-happel.de\/?p=8287","title":{"rendered":"Kl\u00f6ppelspitze in der Schwalm (1)"},"content":{"rendered":"Fr\u00fcher war Neukirchen in der Schwalm ein Zentrum der Kl\u00f6ppelspitzenfertigung. So ist es nicht verwunderlich, das Kl\u00f6ppelspitzen sowohl an verschiedenen Schw\u00e4lmer Bekleidungsst\u00fccken als auch an unterschiedlichen W\u00e4schest\u00fccken zu finden sind.<br \/>\nWie bereits in dem Beitrag <a href=\"https:\/\/www.luzine-happel.de\/?p=6331\">Historische Schw\u00e4lmer Wei\u00dfstickerei und Spitze<\/a> erw\u00e4hnt, findet man Kl\u00f6ppelspitze in Verbindung mit Schw\u00e4lmer Wei\u00dfstickerei an den \u00c4rmelb\u00fcndchen der <a href=\"https:\/\/www.luzine-happel.de\/?p=8285\">blauen Mieder<\/a> und an den Kanten der blau eingef\u00e4rbten Ziertaschent\u00fccher.<br \/>\nKl\u00f6ppelspitze findet man auch an Bett\u00fcberw\u00fcrfen, T\u00fcrhandt\u00fcchern und den Vorderkanten der blauen Abendmahlshauben. Auch gestrickte Schw\u00e4lmer Babym\u00fctzchen wurden mit Kl\u00f6ppelspitze umrandet.<\/p>\n<p>Hier sind einige Beispiele davon:<br \/>\n<a href=\"https:\/\/www.luzine-happel.de\/wp-content\/uploads\/2017\/02\/1_KS_1.jpg\" rel=\"attachment wp-att-8307\"><img loading=\"lazy\" decoding=\"async\" src=\"https:\/\/www.luzine-happel.de\/wp-content\/uploads\/2017\/02\/1_KS_1-438x158.jpg\" alt=\"1_KS_1\" width=\"438\" height=\"158\" class=\"aligncenter size-medium\" \/><\/a>Reichhaltig und fein bestickter, blau eingef\u00e4rbter Mieder\u00e4rmel mit Kl\u00f6ppelspitze<br \/>\n<a href=\"https:\/\/www.luzine-happel.de\/wp-content\/uploads\/2017\/02\/2_KS_1.jpg\" rel=\"attachment wp-att-8308\"><img loading=\"lazy\" decoding=\"async\" src=\"https:\/\/www.luzine-happel.de\/wp-content\/uploads\/2017\/02\/2_KS_1-438x329.jpg\" alt=\"2_KS_1\" width=\"438\" height=\"329\" class=\"aligncenter size-medium\" \/><\/a>Blau eingef\u00e4rbtes Abendmahlstaschentuch mit Wei\u00dfstickerei und Kl\u00f6ppelspitze<br \/>\n<a href=\"https:\/\/www.luzine-happel.de\/wp-content\/uploads\/2017\/02\/3_KS_1.jpg\" rel=\"attachment wp-att-8309\"><img loading=\"lazy\" decoding=\"async\" src=\"https:\/\/www.luzine-happel.de\/wp-content\/uploads\/2017\/02\/3_KS_1-438x329.jpg\" alt=\"3_KS_1\" width=\"438\" height=\"329\" class=\"aligncenter size-medium\" \/><\/a>Teilansichten zweier verschiedener Bett\u00fcberw\u00fcrfe mit Kronen, Musterborten mit lichten Mustern, Stopfhohls\u00e4umen und Kl\u00f6ppelspitzen<br \/>\n<a href=\"https:\/\/www.luzine-happel.de\/wp-content\/uploads\/2017\/02\/4_KS_1.jpg\" rel=\"attachment wp-att-8310\"><img loading=\"lazy\" decoding=\"async\" src=\"https:\/\/www.luzine-happel.de\/wp-content\/uploads\/2017\/02\/4_KS_1-438x293.jpg\" alt=\"4_KS_1\" width=\"438\" height=\"293\" class=\"aligncenter size-medium\" \/><\/a>Kopfkissenbezug mit Kl\u00f6ppelspitzen-B\u00e4ndern als Verschluss<br \/>\n<a href=\"https:\/\/www.luzine-happel.de\/wp-content\/uploads\/2017\/02\/5_KS_1.jpg\" rel=\"attachment wp-att-8311\"><img loading=\"lazy\" decoding=\"async\" src=\"https:\/\/www.luzine-happel.de\/wp-content\/uploads\/2017\/02\/5_KS_1-438x329.jpg\" alt=\"5_KS_1\" width=\"438\" height=\"329\" class=\"aligncenter size-medium\" \/><\/a>Blau eingef\u00e4rbte Schw\u00e4lmer \u201eZiehhaube\u201c mit Kl\u00f6ppelspitze an der Vorderkante<br \/>\n<a href=\"https:\/\/www.luzine-happel.de\/wp-content\/uploads\/2017\/02\/6_KS_1.jpg\" rel=\"attachment wp-att-8312\"><img loading=\"lazy\" decoding=\"async\" src=\"https:\/\/www.luzine-happel.de\/wp-content\/uploads\/2017\/02\/6_KS_1-438x329.jpg\" alt=\"6_KS_1\" width=\"438\" height=\"329\" class=\"aligncenter size-medium\" \/><\/a>Gestricktes Babym\u00fctzchen, eingefasst mit Kl\u00f6ppelspitze<br \/>\n<a href=\"https:\/\/www.luzine-happel.de\/wp-content\/uploads\/2017\/02\/7_KS_1.jpg\" rel=\"attachment wp-att-8313\"><img loading=\"lazy\" decoding=\"async\" src=\"https:\/\/www.luzine-happel.de\/wp-content\/uploads\/2017\/02\/7_KS_1-438x329.jpg\" alt=\"7_KS_1\" width=\"438\" height=\"329\" class=\"aligncenter size-medium\" \/><\/a>Zeitgen\u00f6ssische Schw\u00e4lmer Wei\u00dfstickerei auf einer Tischdecke mit Kl\u00f6ppelspitzen-Umrandung","protected":false},"excerpt":{"rendered":"<p>Fr\u00fcher war Neukirchen in der Schwalm ein Zentrum der Kl\u00f6ppelspitzenfertigung. So ist es nicht verwunderlich, das Kl\u00f6ppelspitzen sowohl an verschiedenen Schw\u00e4lmer Bekleidungsst\u00fccken als auch an unterschiedlichen W\u00e4schest\u00fccken zu finden sind. Wie bereits in dem Beitrag Historische Schw\u00e4lmer Wei\u00dfstickerei und Spitze erw\u00e4hnt, findet man Kl\u00f6ppelspitze in Verbindung mit Schw\u00e4lmer Wei\u00dfstickerei an den \u00c4rmelb\u00fcndchen der blauen Mieder und an den Kanten der blau eingef\u00e4rbten Ziertaschent\u00fccher. Kl\u00f6ppelspitze findet man auch an Bett\u00fcberw\u00fcrfen, T\u00fcrhandt\u00fcchern und den Vorderkanten der blauen Abendmahlshauben. Auch gestrickte Schw\u00e4lmer Babym\u00fctzchen wurden mit Kl\u00f6ppelspitze umrandet. Hier sind einige Beispiele davon: Reichhaltig und fein bestickter, blau eingef\u00e4rbter Mieder\u00e4rmel mit Kl\u00f6ppelspitze Blau eingef\u00e4rbtes Abendmahlstaschentuch mit Wei\u00dfstickerei und Kl\u00f6ppelspitze Teilansichten zweier verschiedener Bett\u00fcberw\u00fcrfe mit Kronen, Musterborten mit lichten Mustern, Stopfhohls\u00e4umen und Kl\u00f6ppelspitzen Kopfkissenbezug mit Kl\u00f6ppelspitzen-B\u00e4ndern als Verschluss Blau eingef\u00e4rbte Schw\u00e4lmer \u201eZiehhaube\u201c mit Kl\u00f6ppelspitze an der Vorderkante Gestricktes Babym\u00fctzchen, eingefasst mit Kl\u00f6ppelspitze Zeitgen\u00f6ssische Schw\u00e4lmer Wei\u00dfstickerei auf einer Tischdecke mit Kl\u00f6ppelspitzen-Umrandung<\/p>\n","protected":false},"author":2,"featured_media":8304,"comment_status":"open","ping_status":"open","sticky":false,"template":"","format":"standard","meta":{"inline_featured_image":false,"footnotes":""},"categories":[1,34,29],"tags":[],"class_list":["post-8287","post","type-post","status-publish","format-standard","has-post-thumbnail","hentry","category-blog","category-kloeppelspitzen","category-schwalm-lace","wpautop"],"yoast_head":"<!-- This site is optimized with the Yoast SEO plugin v27.4 - https:\/\/yoast.com\/product\/yoast-seo-wordpress\/ -->\n<title>Kl\u00f6ppelspitze in der Schwalm (1) - Luzine Happel<\/title>\n<meta name=\"robots\" content=\"index, follow, max-snippet:-1, max-image-preview:large, max-video-preview:-1\" \/>\n<link rel=\"canonical\" href=\"https:\/\/www.luzine-happel.de\/?p=8287&lang=en\" \/>\n<meta property=\"og:locale\" content=\"de_DE\" \/>\n<meta property=\"og:type\" content=\"article\" \/>\n<meta property=\"og:title\" content=\"Kl\u00f6ppelspitze in der Schwalm (1) - Luzine Happel\" \/>\n<meta property=\"og:description\" content=\"Fr\u00fcher war Neukirchen in der Schwalm ein Zentrum der Kl\u00f6ppelspitzenfertigung. So ist es nicht verwunderlich, das Kl\u00f6ppelspitzen sowohl an verschiedenen Schw\u00e4lmer Bekleidungsst\u00fccken als auch an unterschiedlichen W\u00e4schest\u00fccken zu finden sind. Wie bereits in dem Beitrag Historische Schw\u00e4lmer Wei\u00dfstickerei und Spitze erw\u00e4hnt, findet man Kl\u00f6ppelspitze in Verbindung mit Schw\u00e4lmer Wei\u00dfstickerei an den \u00c4rmelb\u00fcndchen der blauen Mieder und an den Kanten der blau eingef\u00e4rbten Ziertaschent\u00fccher. Kl\u00f6ppelspitze findet man auch an Bett\u00fcberw\u00fcrfen, T\u00fcrhandt\u00fcchern und den Vorderkanten der blauen Abendmahlshauben. Auch gestrickte Schw\u00e4lmer Babym\u00fctzchen wurden mit Kl\u00f6ppelspitze umrandet. Hier sind einige Beispiele davon: Reichhaltig und fein bestickter, blau eingef\u00e4rbter Mieder\u00e4rmel mit Kl\u00f6ppelspitze Blau eingef\u00e4rbtes Abendmahlstaschentuch mit Wei\u00dfstickerei und Kl\u00f6ppelspitze Teilansichten zweier verschiedener Bett\u00fcberw\u00fcrfe mit Kronen, Musterborten mit lichten Mustern, Stopfhohls\u00e4umen und Kl\u00f6ppelspitzen Kopfkissenbezug mit Kl\u00f6ppelspitzen-B\u00e4ndern als Verschluss Blau eingef\u00e4rbte Schw\u00e4lmer \u201eZiehhaube\u201c mit Kl\u00f6ppelspitze an der Vorderkante Gestricktes Babym\u00fctzchen, eingefasst mit Kl\u00f6ppelspitze Zeitgen\u00f6ssische Schw\u00e4lmer Wei\u00dfstickerei auf einer Tischdecke mit Kl\u00f6ppelspitzen-Umrandung\" \/>\n<meta property=\"og:url\" content=\"https:\/\/www.luzine-happel.de\/?p=8287&amp;lang=en\" \/>\n<meta property=\"og:site_name\" content=\"Luzine Happel\" \/>\n<meta property=\"article:published_time\" content=\"2017-02-25T07:30:45+00:00\" \/>\n<meta property=\"og:image\" content=\"https:\/\/www.luzine-happel.de\/wp-content\/uploads\/2017\/02\/8_KD_Thumbnail.jpg\" \/>\n\t<meta property=\"og:image:width\" content=\"400\" \/>\n\t<meta property=\"og:image:height\" content=\"400\" \/>\n\t<meta property=\"og:image:type\" content=\"image\/jpeg\" \/>\n<meta name=\"author\" content=\"Luzine Happel\" \/>\n<meta name=\"twitter:card\" content=\"summary_large_image\" \/>\n<meta name=\"twitter:label1\" content=\"Verfasst von\" \/>\n\t<meta name=\"twitter:data1\" content=\"Luzine Happel\" \/>\n\t<meta name=\"twitter:label2\" content=\"Gesch\u00e4tzte Lesezeit\" \/>\n\t<meta name=\"twitter:data2\" content=\"2\u00a0Minuten\" \/>\n<script type=\"application\/ld+json\" class=\"yoast-schema-graph\">{\"@context\":\"https:\\\/\\\/schema.org\",\"@graph\":[{\"@type\":\"Article\",\"@id\":\"https:\\\/\\\/www.luzine-happel.de\\\/?p=8287&lang=en#article\",\"isPartOf\":{\"@id\":\"https:\\\/\\\/www.luzine-happel.de\\\/?p=8287&lang=en\"},\"author\":{\"name\":\"Luzine Happel\",\"@id\":\"https:\\\/\\\/www.luzine-happel.de\\\/#\\\/schema\\\/person\\\/531413decc3e3dc937f7312d13b6238c\"},\"headline\":\"Kl\u00f6ppelspitze in der Schwalm (1)\",\"datePublished\":\"2017-02-25T07:30:45+00:00\",\"mainEntityOfPage\":{\"@id\":\"https:\\\/\\\/www.luzine-happel.de\\\/?p=8287&lang=en\"},\"wordCount\":384,\"commentCount\":2,\"image\":{\"@id\":\"https:\\\/\\\/www.luzine-happel.de\\\/?p=8287&lang=en#primaryimage\"},\"thumbnailUrl\":\"https:\\\/\\\/www.luzine-happel.de\\\/wp-content\\\/uploads\\\/2017\\\/02\\\/8_KD_Thumbnail.jpg\",\"articleSection\":[\"Blog\",\"Kl\u00f6ppelspitzen\",\"Schw\u00e4lmer Spitzen\"],\"inLanguage\":\"de\",\"potentialAction\":[{\"@type\":\"CommentAction\",\"name\":\"Comment\",\"target\":[\"https:\\\/\\\/www.luzine-happel.de\\\/?p=8287&lang=en#respond\"]}]},{\"@type\":\"WebPage\",\"@id\":\"https:\\\/\\\/www.luzine-happel.de\\\/?p=8287&lang=en\",\"url\":\"https:\\\/\\\/www.luzine-happel.de\\\/?p=8287&lang=en\",\"name\":\"Kl\u00f6ppelspitze in der Schwalm (1) - Luzine Happel\",\"isPartOf\":{\"@id\":\"https:\\\/\\\/www.luzine-happel.de\\\/#website\"},\"primaryImageOfPage\":{\"@id\":\"https:\\\/\\\/www.luzine-happel.de\\\/?p=8287&lang=en#primaryimage\"},\"image\":{\"@id\":\"https:\\\/\\\/www.luzine-happel.de\\\/?p=8287&lang=en#primaryimage\"},\"thumbnailUrl\":\"https:\\\/\\\/www.luzine-happel.de\\\/wp-content\\\/uploads\\\/2017\\\/02\\\/8_KD_Thumbnail.jpg\",\"datePublished\":\"2017-02-25T07:30:45+00:00\",\"author\":{\"@id\":\"https:\\\/\\\/www.luzine-happel.de\\\/#\\\/schema\\\/person\\\/531413decc3e3dc937f7312d13b6238c\"},\"breadcrumb\":{\"@id\":\"https:\\\/\\\/www.luzine-happel.de\\\/?p=8287&lang=en#breadcrumb\"},\"inLanguage\":\"de\",\"potentialAction\":[{\"@type\":\"ReadAction\",\"target\":[\"https:\\\/\\\/www.luzine-happel.de\\\/?p=8287&lang=en\"]}]},{\"@type\":\"ImageObject\",\"inLanguage\":\"de\",\"@id\":\"https:\\\/\\\/www.luzine-happel.de\\\/?p=8287&lang=en#primaryimage\",\"url\":\"https:\\\/\\\/www.luzine-happel.de\\\/wp-content\\\/uploads\\\/2017\\\/02\\\/8_KD_Thumbnail.jpg\",\"contentUrl\":\"https:\\\/\\\/www.luzine-happel.de\\\/wp-content\\\/uploads\\\/2017\\\/02\\\/8_KD_Thumbnail.jpg\",\"width\":400,\"height\":400},{\"@type\":\"BreadcrumbList\",\"@id\":\"https:\\\/\\\/www.luzine-happel.de\\\/?p=8287&lang=en#breadcrumb\",\"itemListElement\":[{\"@type\":\"ListItem\",\"position\":1,\"name\":\"Startseite\",\"item\":\"https:\\\/\\\/www.luzine-happel.de\\\/\"},{\"@type\":\"ListItem\",\"position\":2,\"name\":\"Bobbin Lace in the Schwalm (1)\"}]},{\"@type\":\"WebSite\",\"@id\":\"https:\\\/\\\/www.luzine-happel.de\\\/#website\",\"url\":\"https:\\\/\\\/www.luzine-happel.de\\\/\",\"name\":\"Luzine Happel\",\"description\":\"\",\"potentialAction\":[{\"@type\":\"SearchAction\",\"target\":{\"@type\":\"EntryPoint\",\"urlTemplate\":\"https:\\\/\\\/www.luzine-happel.de\\\/?s={search_term_string}\"},\"query-input\":{\"@type\":\"PropertyValueSpecification\",\"valueRequired\":true,\"valueName\":\"search_term_string\"}}],\"inLanguage\":\"de\"},{\"@type\":\"Person\",\"@id\":\"https:\\\/\\\/www.luzine-happel.de\\\/#\\\/schema\\\/person\\\/531413decc3e3dc937f7312d13b6238c\",\"name\":\"Luzine Happel\",\"sameAs\":[\"http:\\\/\\\/www.luzine-happel.de\"],\"url\":\"https:\\\/\\\/www.luzine-happel.de\\\/?author=2\"}]}<\/script>\n<!-- \/ Yoast SEO plugin. -->","yoast_head_json":{"title":"Kl\u00f6ppelspitze in der Schwalm (1) - Luzine Happel","robots":{"index":"index","follow":"follow","max-snippet":"max-snippet:-1","max-image-preview":"max-image-preview:large","max-video-preview":"max-video-preview:-1"},"canonical":"https:\/\/www.luzine-happel.de\/?p=8287&lang=en","og_locale":"de_DE","og_type":"article","og_title":"Kl\u00f6ppelspitze in der Schwalm (1) - Luzine Happel","og_description":"Fr\u00fcher war Neukirchen in der Schwalm ein Zentrum der Kl\u00f6ppelspitzenfertigung. So ist es nicht verwunderlich, das Kl\u00f6ppelspitzen sowohl an verschiedenen Schw\u00e4lmer Bekleidungsst\u00fccken als auch an unterschiedlichen W\u00e4schest\u00fccken zu finden sind. Wie bereits in dem Beitrag Historische Schw\u00e4lmer Wei\u00dfstickerei und Spitze erw\u00e4hnt, findet man Kl\u00f6ppelspitze in Verbindung mit Schw\u00e4lmer Wei\u00dfstickerei an den \u00c4rmelb\u00fcndchen der blauen Mieder und an den Kanten der blau eingef\u00e4rbten Ziertaschent\u00fccher. Kl\u00f6ppelspitze findet man auch an Bett\u00fcberw\u00fcrfen, T\u00fcrhandt\u00fcchern und den Vorderkanten der blauen Abendmahlshauben. Auch gestrickte Schw\u00e4lmer Babym\u00fctzchen wurden mit Kl\u00f6ppelspitze umrandet. Hier sind einige Beispiele davon: Reichhaltig und fein bestickter, blau eingef\u00e4rbter Mieder\u00e4rmel mit Kl\u00f6ppelspitze Blau eingef\u00e4rbtes Abendmahlstaschentuch mit Wei\u00dfstickerei und Kl\u00f6ppelspitze Teilansichten zweier verschiedener Bett\u00fcberw\u00fcrfe mit Kronen, Musterborten mit lichten Mustern, Stopfhohls\u00e4umen und Kl\u00f6ppelspitzen Kopfkissenbezug mit Kl\u00f6ppelspitzen-B\u00e4ndern als Verschluss Blau eingef\u00e4rbte Schw\u00e4lmer \u201eZiehhaube\u201c mit Kl\u00f6ppelspitze an der Vorderkante Gestricktes Babym\u00fctzchen, eingefasst mit Kl\u00f6ppelspitze Zeitgen\u00f6ssische Schw\u00e4lmer Wei\u00dfstickerei auf einer Tischdecke mit Kl\u00f6ppelspitzen-Umrandung","og_url":"https:\/\/www.luzine-happel.de\/?p=8287&lang=en","og_site_name":"Luzine Happel","article_published_time":"2017-02-25T07:30:45+00:00","og_image":[{"width":400,"height":400,"url":"https:\/\/www.luzine-happel.de\/wp-content\/uploads\/2017\/02\/8_KD_Thumbnail.jpg","type":"image\/jpeg"}],"author":"Luzine Happel","twitter_card":"summary_large_image","twitter_misc":{"Verfasst von":"Luzine Happel","Gesch\u00e4tzte Lesezeit":"2\u00a0Minuten"},"schema":{"@context":"https:\/\/schema.org","@graph":[{"@type":"Article","@id":"https:\/\/www.luzine-happel.de\/?p=8287&lang=en#article","isPartOf":{"@id":"https:\/\/www.luzine-happel.de\/?p=8287&lang=en"},"author":{"name":"Luzine Happel","@id":"https:\/\/www.luzine-happel.de\/#\/schema\/person\/531413decc3e3dc937f7312d13b6238c"},"headline":"Kl\u00f6ppelspitze in der Schwalm (1)","datePublished":"2017-02-25T07:30:45+00:00","mainEntityOfPage":{"@id":"https:\/\/www.luzine-happel.de\/?p=8287&lang=en"},"wordCount":384,"commentCount":2,"image":{"@id":"https:\/\/www.luzine-happel.de\/?p=8287&lang=en#primaryimage"},"thumbnailUrl":"https:\/\/www.luzine-happel.de\/wp-content\/uploads\/2017\/02\/8_KD_Thumbnail.jpg","articleSection":["Blog","Kl\u00f6ppelspitzen","Schw\u00e4lmer Spitzen"],"inLanguage":"de","potentialAction":[{"@type":"CommentAction","name":"Comment","target":["https:\/\/www.luzine-happel.de\/?p=8287&lang=en#respond"]}]},{"@type":"WebPage","@id":"https:\/\/www.luzine-happel.de\/?p=8287&lang=en","url":"https:\/\/www.luzine-happel.de\/?p=8287&lang=en","name":"Kl\u00f6ppelspitze in der Schwalm (1) - Luzine Happel","isPartOf":{"@id":"https:\/\/www.luzine-happel.de\/#website"},"primaryImageOfPage":{"@id":"https:\/\/www.luzine-happel.de\/?p=8287&lang=en#primaryimage"},"image":{"@id":"https:\/\/www.luzine-happel.de\/?p=8287&lang=en#primaryimage"},"thumbnailUrl":"https:\/\/www.luzine-happel.de\/wp-content\/uploads\/2017\/02\/8_KD_Thumbnail.jpg","datePublished":"2017-02-25T07:30:45+00:00","author":{"@id":"https:\/\/www.luzine-happel.de\/#\/schema\/person\/531413decc3e3dc937f7312d13b6238c"},"breadcrumb":{"@id":"https:\/\/www.luzine-happel.de\/?p=8287&lang=en#breadcrumb"},"inLanguage":"de","potentialAction":[{"@type":"ReadAction","target":["https:\/\/www.luzine-happel.de\/?p=8287&lang=en"]}]},{"@type":"ImageObject","inLanguage":"de","@id":"https:\/\/www.luzine-happel.de\/?p=8287&lang=en#primaryimage","url":"https:\/\/www.luzine-happel.de\/wp-content\/uploads\/2017\/02\/8_KD_Thumbnail.jpg","contentUrl":"https:\/\/www.luzine-happel.de\/wp-content\/uploads\/2017\/02\/8_KD_Thumbnail.jpg","width":400,"height":400},{"@type":"BreadcrumbList","@id":"https:\/\/www.luzine-happel.de\/?p=8287&lang=en#breadcrumb","itemListElement":[{"@type":"ListItem","position":1,"name":"Startseite","item":"https:\/\/www.luzine-happel.de\/"},{"@type":"ListItem","position":2,"name":"Bobbin Lace in the Schwalm (1)"}]},{"@type":"WebSite","@id":"https:\/\/www.luzine-happel.de\/#website","url":"https:\/\/www.luzine-happel.de\/","name":"Luzine Happel","description":"","potentialAction":[{"@type":"SearchAction","target":{"@type":"EntryPoint","urlTemplate":"https:\/\/www.luzine-happel.de\/?s={search_term_string}"},"query-input":{"@type":"PropertyValueSpecification","valueRequired":true,"valueName":"search_term_string"}}],"inLanguage":"de"},{"@type":"Person","@id":"https:\/\/www.luzine-happel.de\/#\/schema\/person\/531413decc3e3dc937f7312d13b6238c","name":"Luzine Happel","sameAs":["http:\/\/www.luzine-happel.de"],"url":"https:\/\/www.luzine-happel.de\/?author=2"}]}},"_links":{"self":[{"href":"https:\/\/www.luzine-happel.de\/index.php?rest_route=\/wp\/v2\/posts\/8287","targetHints":{"allow":["GET"]}}],"collection":[{"href":"https:\/\/www.luzine-happel.de\/index.php?rest_route=\/wp\/v2\/posts"}],"about":[{"href":"https:\/\/www.luzine-happel.de\/index.php?rest_route=\/wp\/v2\/types\/post"}],"author":[{"embeddable":true,"href":"https:\/\/www.luzine-happel.de\/index.php?rest_route=\/wp\/v2\/users\/2"}],"replies":[{"embeddable":true,"href":"https:\/\/www.luzine-happel.de\/index.php?rest_route=%2Fwp%2Fv2%2Fcomments&post=8287"}],"version-history":[{"count":2,"href":"https:\/\/www.luzine-happel.de\/index.php?rest_route=\/wp\/v2\/posts\/8287\/revisions"}],"predecessor-version":[{"id":8314,"href":"https:\/\/www.luzine-happel.de\/index.php?rest_route=\/wp\/v2\/posts\/8287\/revisions\/8314"}],"wp:featuredmedia":[{"embeddable":true,"href":"https:\/\/www.luzine-happel.de\/index.php?rest_route=\/wp\/v2\/media\/8304"}],"wp:attachment":[{"href":"https:\/\/www.luzine-happel.de\/index.php?rest_route=%2Fwp%2Fv2%2Fmedia&parent=8287"}],"wp:term":[{"taxonomy":"category","embeddable":true,"href":"https:\/\/www.luzine-happel.de\/index.php?rest_route=%2Fwp%2Fv2%2Fcategories&post=8287"},{"taxonomy":"post_tag","embeddable":true,"href":"https:\/\/www.luzine-happel.de\/index.php?rest_route=%2Fwp%2Fv2%2Ftags&post=8287"}],"curies":[{"name":"wp","href":"https:\/\/api.w.org\/{rel}","templated":true}]}}